{"id":332,"date":"2024-12-22T14:43:55","date_gmt":"2024-12-22T12:43:55","guid":{"rendered":"http:\/\/porvoonurheilijat.fi\/voimistelu\/?p=332"},"modified":"2025-12-12T17:40:55","modified_gmt":"2025-12-12T15:40:55","slug":"telinevoimistelun-kevatkausi-2","status":"publish","type":"post","link":"https:\/\/porvoonurheilijat.fi\/voimistelu\/2024\/12\/22\/telinevoimistelun-kevatkausi-2\/","title":{"rendered":"Telinevoimistelun Kev\u00e4tkausi  2026"},"content":{"rendered":"<div class=\"gmail_default\"><strong>Harjoitteluajat ja ryhm\u00e4t:<\/strong><\/div>\n<div class=\"gmail_default\">klo 18 &#8211; 19.15 voimistelu 6-8 v tyt\u00f6t ja pojat<\/div>\n<div class=\"gmail_default\">klo 19.15 &#8211; 20.30 voimistelu 9-12 v tyt\u00f6t ja pojat<\/div>\n<div class=\"gmail_default\">paikkana Kraftverk ( Ratakatu)<\/div>\n<div class=\"gmail_default\">\u00a0<\/div>\n<div><strong>Harjoitus kerrat:<\/strong><\/div>\n<div class=\"gmail_default\">Aloitus 9.1.2026 klo 18<\/div>\n<div>Viimeinen kerta 24.4.2026<\/div>\n<div>\u00a0<\/div>\n<div><strong>Harjoituksia ei ole:<\/strong><\/div>\n<div>Hiihtolomalla\u00a0 (viikko 8)<\/div>\n<div>P\u00e4\u00e4si\u00e4isen\u00e4 3.4.2026<\/div>\n<div>\u00a0<\/div>\n<div><strong>Ilmoittautuminen kev\u00e4tkaudelle:<\/strong><\/div>\n<div>Seuraa nettisivuja<\/div>\n<div>\u00a0<\/div>\n<div>\n<p>Ryhmien paikkatilanteet n\u00e4kyv\u00e4t\u00a0<a href=\"https:\/\/www.jasentieto.fi\/public\/PublicGroups.aspx?sid=189\">ryhm\u00e4kalenterissa , josta voi my\u00f6s ilmoittautua ryhmiin jos vapaita paikkoja.<\/a><\/p>\n<p><a href=\"https:\/\/porvoonurheilijat.fi\/voimistelu\/ilmoittautuminen\/\">Ohjeet ilmoittautumiseen ja s\u00e4\u00e4nn\u00f6t<\/a>.<\/p>\n<\/div>\n<div class=\"gmail_default\">\u00a0<\/div>\n<div class=\"gmail_default\">\u00a0<\/div>\n<div>\n<div class=\"gmail_signature\" dir=\"ltr\">\n<div dir=\"ltr\">\n<div><span style=\"font-family: verdana, sans-serif\">Yst\u00e4v\u00e4llisin terveisin,<\/span><\/div>\n<\/div>\n<\/div>\n<\/div>\n\n\n<p>Telinevoimistelijat<\/p>\n\n\n\n<p>Porvoon Urheilijat ry.<\/p>\n","protected":false},"excerpt":{"rendered":"<p>Harjoitteluajat ja ryhm\u00e4t: klo 18 &#8211; 19.15 voimistelu 6-8 v tyt\u00f6t ja pojat klo 19.15 &#8211; 20.30 voimistelu 9-12 v tyt\u00f6t ja pojat paikkana Kraftverk ( Ratakatu) \u00a0 Harjoitus kerrat: Aloitus 9.1.2026 klo 18 Viimeinen kerta 24.4.2026 \u00a0 Harjoituksia ei ole: Hiihtolomalla\u00a0 (viikko 8) P\u00e4\u00e4si\u00e4isen\u00e4 3.4.2026 \u00a0 Ilmoittautuminen kev\u00e4tkaudelle: Seuraa nettisivuja \u00a0 Ryhmien paikkatilanteet n\u00e4kyv\u00e4t\u00a0ryhm\u00e4kalenterissa &hellip; <\/p>\n<p class=\"link-more\"><a href=\"https:\/\/porvoonurheilijat.fi\/voimistelu\/2024\/12\/22\/telinevoimistelun-kevatkausi-2\/\" class=\"more-link\">Jatka lukemista<span class=\"screen-reader-text\"> &#8221;Telinevoimistelun Kev\u00e4tkausi  2026&#8221;<\/span><\/a><\/p>\n","protected":false},"author":3,"featured_media":0,"comment_status":"closed","ping_status":"closed","sticky":false,"template":"","format":"standard","meta":{"footnotes":""},"categories":[1],"tags":[],"class_list":["post-332","post","type-post","status-publish","format-standard","hentry","category-yleinen"],"_links":{"self":[{"href":"https:\/\/porvoonurheilijat.fi\/voimistelu\/wp-json\/wp\/v2\/posts\/332","targetHints":{"allow":["GET"]}}],"collection":[{"href":"https:\/\/porvoonurheilijat.fi\/voimistelu\/wp-json\/wp\/v2\/posts"}],"about":[{"href":"https:\/\/porvoonurheilijat.fi\/voimistelu\/wp-json\/wp\/v2\/types\/post"}],"author":[{"embeddable":true,"href":"https:\/\/porvoonurheilijat.fi\/voimistelu\/wp-json\/wp\/v2\/users\/3"}],"replies":[{"embeddable":true,"href":"https:\/\/porvoonurheilijat.fi\/voimistelu\/wp-json\/wp\/v2\/comments?post=332"}],"version-history":[{"count":22,"href":"https:\/\/porvoonurheilijat.fi\/voimistelu\/wp-json\/wp\/v2\/posts\/332\/revisions"}],"predecessor-version":[{"id":1086,"href":"https:\/\/porvoonurheilijat.fi\/voimistelu\/wp-json\/wp\/v2\/posts\/332\/revisions\/1086"}],"wp:attachment":[{"href":"https:\/\/porvoonurheilijat.fi\/voimistelu\/wp-json\/wp\/v2\/media?parent=332"}],"wp:term":[{"taxonomy":"category","embeddable":true,"href":"https:\/\/porvoonurheilijat.fi\/voimistelu\/wp-json\/wp\/v2\/categories?post=332"},{"taxonomy":"post_tag","embeddable":true,"href":"https:\/\/porvoonurheilijat.fi\/voimistelu\/wp-json\/wp\/v2\/tags?post=332"}],"curies":[{"name":"wp","href":"https:\/\/api.w.org\/{rel}","templated":true}]}}