{"id":742,"date":"2026-04-08T16:40:43","date_gmt":"2026-04-08T13:40:43","guid":{"rendered":"https:\/\/porvoonurheilijat.fi\/voimistelu\/?p=742"},"modified":"2026-04-08T16:42:35","modified_gmt":"2026-04-08T13:42:35","slug":"loppuvuoden-voimisteluinfoa","status":"publish","type":"post","link":"https:\/\/porvoonurheilijat.fi\/voimistelu\/2026\/04\/08\/loppuvuoden-voimisteluinfoa\/","title":{"rendered":"Telinevoimistelu harjoitukset 10.4.2026 Peruutettu"},"content":{"rendered":"\n<p>Perjantaina 10.4.2026 ei ole harjoituksia Kraftverkissa.<\/p>\n\n\n\n<p>Korvaava kerta on \u00a0Albert Edelfeltin koulun  Liikuntasalissa , sunnuntaina 12.04.2026 kello  13.00-14:00 6-8 v tyt\u00f6t ja pojat<\/p>\n\n\n\n<p>13:45-15:00 9-12 v tyt\u00f6t ja pojat<\/p>\n\n\n\n<p>Osoite: <strong>N\u00e4sin koulukatu 3, 06100 Porvoo<\/strong><\/p>\n\n\n\n<p><\/p>\n","protected":false},"excerpt":{"rendered":"<p>Perjantaina 10.4.2026 ei ole harjoituksia Kraftverkissa. Korvaava kerta on \u00a0Albert Edelfeltin koulun Liikuntasalissa , sunnuntaina 12.04.2026 kello 13.00-14:00 6-8 v tyt\u00f6t ja pojat 13:45-15:00 9-12 v tyt\u00f6t ja pojat Osoite: N\u00e4sin koulukatu 3, 06100 Porvoo<\/p>\n","protected":false},"author":3,"featured_media":0,"comment_status":"closed","ping_status":"closed","sticky":false,"template":"","format":"standard","meta":{"footnotes":""},"categories":[1],"tags":[],"class_list":["post-742","post","type-post","status-publish","format-standard","hentry","category-yleinen"],"_links":{"self":[{"href":"https:\/\/porvoonurheilijat.fi\/voimistelu\/wp-json\/wp\/v2\/posts\/742","targetHints":{"allow":["GET"]}}],"collection":[{"href":"https:\/\/porvoonurheilijat.fi\/voimistelu\/wp-json\/wp\/v2\/posts"}],"about":[{"href":"https:\/\/porvoonurheilijat.fi\/voimistelu\/wp-json\/wp\/v2\/types\/post"}],"author":[{"embeddable":true,"href":"https:\/\/porvoonurheilijat.fi\/voimistelu\/wp-json\/wp\/v2\/users\/3"}],"replies":[{"embeddable":true,"href":"https:\/\/porvoonurheilijat.fi\/voimistelu\/wp-json\/wp\/v2\/comments?post=742"}],"version-history":[{"count":8,"href":"https:\/\/porvoonurheilijat.fi\/voimistelu\/wp-json\/wp\/v2\/posts\/742\/revisions"}],"predecessor-version":[{"id":1102,"href":"https:\/\/porvoonurheilijat.fi\/voimistelu\/wp-json\/wp\/v2\/posts\/742\/revisions\/1102"}],"wp:attachment":[{"href":"https:\/\/porvoonurheilijat.fi\/voimistelu\/wp-json\/wp\/v2\/media?parent=742"}],"wp:term":[{"taxonomy":"category","embeddable":true,"href":"https:\/\/porvoonurheilijat.fi\/voimistelu\/wp-json\/wp\/v2\/categories?post=742"},{"taxonomy":"post_tag","embeddable":true,"href":"https:\/\/porvoonurheilijat.fi\/voimistelu\/wp-json\/wp\/v2\/tags?post=742"}],"curies":[{"name":"wp","href":"https:\/\/api.w.org\/{rel}","templated":true}]}}