{"id":1121,"date":"2018-08-14T22:22:25","date_gmt":"2018-08-14T19:22:25","guid":{"rendered":"http:\/\/porvoonurheilijat.fi\/yleisurheilu\/?p=1121"},"modified":"2018-08-14T22:23:05","modified_gmt":"2018-08-14T19:23:05","slug":"hienoja-suorituksia-nuorten-sm-kisoissa","status":"publish","type":"post","link":"https:\/\/porvoonurheilijat.fi\/yleisurheilu\/2018\/08\/14\/hienoja-suorituksia-nuorten-sm-kisoissa\/","title":{"rendered":"Hienoja suorituksia nuorten SM-kisoissa!"},"content":{"rendered":"<p><strong>16-17v SM-kisat, Espoo<\/strong><\/p>\n<p><img loading=\"lazy\" decoding=\"async\" class=\"wp-image-1122 alignright\" src=\"https:\/\/porvoonurheilijat.fi\/yleisurheilu\/wp-content\/uploads\/sites\/4\/2018\/08\/IMG-20180811-WA0008.jpg\" alt=\"\" width=\"292\" height=\"519\" srcset=\"https:\/\/porvoonurheilijat.fi\/yleisurheilu\/wp-content\/uploads\/sites\/4\/2018\/08\/IMG-20180811-WA0008.jpg 900w, https:\/\/porvoonurheilijat.fi\/yleisurheilu\/wp-content\/uploads\/sites\/4\/2018\/08\/IMG-20180811-WA0008-169x300.jpg 169w, https:\/\/porvoonurheilijat.fi\/yleisurheilu\/wp-content\/uploads\/sites\/4\/2018\/08\/IMG-20180811-WA0008-768x1365.jpg 768w, https:\/\/porvoonurheilijat.fi\/yleisurheilu\/wp-content\/uploads\/sites\/4\/2018\/08\/IMG-20180811-WA0008-576x1024.jpg 576w\" sizes=\"auto, (max-width: 292px) 100vw, 292px\" \/><\/p>\n<p>Janette V\u00e4nttinen jatkoi t\u00e4m\u00e4n vuoden hienoja SM-kisajuoksuja sijoittumalla ensin perjantana nelj\u00e4nneksi kovatasoisella N16 3000 metrill\u00e4 uudella enn\u00e4tyksell\u00e4\u00e4n. Lauantaina Janette kirkasti nelj\u00e4nnen sijan pronssimitaliksi N16-sarjan esteiss\u00e4 ja nappasi samalla uransa ensimm\u00e4inen SM-mitalin!<\/p>\n<p>M17-sarjan esteiss\u00e4 Ville Lehtoniemi paransi enn\u00e4tyst\u00e4\u00e4n yli 20s ja v\u00e4\u00e4nsi tiukassa taistelussa nelj\u00e4nnen sijan vain reilun sekunnin p\u00e4\u00e4ss\u00e4 mitalista! 1500 metrill\u00e4 Villen sijoitus oli 17. &#8211; edellisp\u00e4iv\u00e4n hieno juoksu esteiss\u00e4 taisi viel\u00e4 v\u00e4h\u00e4n painaa jaloissa..<\/p>\n<p>N16 1500 metrill\u00e4 Siiri Rouvila juoksi el\u00e4m\u00e4ns\u00e4 nelj\u00e4nness\u00e4 ratakisassa\u00a0hienosti 7. sijalle!<\/p>\n<p>Perjantaina Benjamin Bj\u00f6rkell haki viel\u00e4 kokemusta tuleville vuosille M17 800m alkueriss\u00e4.<\/p>\n<p><strong>14-15v SM-kisat, Saarij\u00e4rvi<\/strong><\/p>\n<p>Perjantaina Carla Jalkanen juoksi N14 1500m esteiss\u00e4 sijalle 10. Sunnuntaina<br \/>\nT14 2000 metrill\u00e4 sek\u00e4 Carla Jalkanen ett\u00e4 Nea Niemi parantelivat hienosti enn\u00e4tyksi\u00e4\u00e4n<br \/>\nsijoittuen sijoille 10 ja 16.<\/p>\n<p>&nbsp;<\/p>\n<p>Hienoa eteenp\u00e4inmenoa kaikilta viikonloppuna kisanneilta nuorilta urheilijoilta!\u00a0<span class=\"_5mfr _47e3\"><img loading=\"lazy\" decoding=\"async\" class=\"img\" role=\"presentation\" src=\"https:\/\/www.facebook.com\/images\/emoji.php\/v9\/f6c\/1\/16\/1f4aa.png\" alt=\"\" width=\"16\" height=\"16\" \/><span class=\"_7oe\">\ud83d\udcaa<\/span><\/span><span class=\"_5mfr _47e3\"><img loading=\"lazy\" decoding=\"async\" class=\"img\" role=\"presentation\" src=\"https:\/\/www.facebook.com\/images\/emoji.php\/v9\/f6c\/1\/16\/1f4aa.png\" alt=\"\" width=\"16\" height=\"16\" \/><span class=\"_7oe\">\ud83d\udcaa<\/span><\/span><span class=\"_5mfr _47e3\"><img loading=\"lazy\" decoding=\"async\" class=\"img\" role=\"presentation\" src=\"https:\/\/www.facebook.com\/images\/emoji.php\/v9\/f6c\/1\/16\/1f499.png\" alt=\"\" width=\"16\" height=\"16\" \/><span class=\"_7oe\">\ud83d\udc99<\/span><\/span><span class=\"_5mfr _47e3\"><img loading=\"lazy\" decoding=\"async\" class=\"img\" role=\"presentation\" src=\"https:\/\/www.facebook.com\/images\/emoji.php\/v9\/f6c\/1\/16\/1f499.png\" alt=\"\" width=\"16\" height=\"16\" \/><span class=\"_7oe\">\ud83d\udc99<\/span><\/span><\/p>\n","protected":false},"excerpt":{"rendered":"<p>16-17v SM-kisat, Espoo Janette V\u00e4nttinen jatkoi t\u00e4m\u00e4n vuoden hienoja SM-kisajuoksuja sijoittumalla ensin perjantana nelj\u00e4nneksi kovatasoisella N16 3000 metrill\u00e4 uudella enn\u00e4tyksell\u00e4\u00e4n. Lauantaina Janette kirkasti nelj\u00e4nnen sijan pronssimitaliksi N16-sarjan esteiss\u00e4 ja nappasi samalla uransa ensimm\u00e4inen SM-mitalin! M17-sarjan esteiss\u00e4 Ville Lehtoniemi paransi enn\u00e4tyst\u00e4\u00e4n yli 20s ja v\u00e4\u00e4nsi tiukassa taistelussa nelj\u00e4nnen sijan vain reilun sekunnin p\u00e4\u00e4ss\u00e4 mitalista! 1500 metrill\u00e4 &hellip; <a href=\"https:\/\/porvoonurheilijat.fi\/yleisurheilu\/2018\/08\/14\/hienoja-suorituksia-nuorten-sm-kisoissa\/\" class=\"more-link\">Jatka artikkeliin <span class=\"screen-reader-text\">Hienoja suorituksia nuorten SM-kisoissa!<\/span><\/a><\/p>\n","protected":false},"author":4,"featured_media":0,"comment_status":"open","ping_status":"open","sticky":false,"template":"","format":"standard","meta":{"footnotes":""},"categories":[1],"tags":[],"class_list":["post-1121","post","type-post","status-publish","format-standard","hentry","category-yleinen","no-featured-image"],"_links":{"self":[{"href":"https:\/\/porvoonurheilijat.fi\/yleisurheilu\/wp-json\/wp\/v2\/posts\/1121","targetHints":{"allow":["GET"]}}],"collection":[{"href":"https:\/\/porvoonurheilijat.fi\/yleisurheilu\/wp-json\/wp\/v2\/posts"}],"about":[{"href":"https:\/\/porvoonurheilijat.fi\/yleisurheilu\/wp-json\/wp\/v2\/types\/post"}],"author":[{"embeddable":true,"href":"https:\/\/porvoonurheilijat.fi\/yleisurheilu\/wp-json\/wp\/v2\/users\/4"}],"replies":[{"embeddable":true,"href":"https:\/\/porvoonurheilijat.fi\/yleisurheilu\/wp-json\/wp\/v2\/comments?post=1121"}],"version-history":[{"count":2,"href":"https:\/\/porvoonurheilijat.fi\/yleisurheilu\/wp-json\/wp\/v2\/posts\/1121\/revisions"}],"predecessor-version":[{"id":1124,"href":"https:\/\/porvoonurheilijat.fi\/yleisurheilu\/wp-json\/wp\/v2\/posts\/1121\/revisions\/1124"}],"wp:attachment":[{"href":"https:\/\/porvoonurheilijat.fi\/yleisurheilu\/wp-json\/wp\/v2\/media?parent=1121"}],"wp:term":[{"taxonomy":"category","embeddable":true,"href":"https:\/\/porvoonurheilijat.fi\/yleisurheilu\/wp-json\/wp\/v2\/categories?post=1121"},{"taxonomy":"post_tag","embeddable":true,"href":"https:\/\/porvoonurheilijat.fi\/yleisurheilu\/wp-json\/wp\/v2\/tags?post=1121"}],"curies":[{"name":"wp","href":"https:\/\/api.w.org\/{rel}","templated":true}]}}