{"id":1302,"date":"2018-10-23T21:29:35","date_gmt":"2018-10-23T18:29:35","guid":{"rendered":"http:\/\/porvoonurheilijat.fi\/yleisurheilu\/?p=1302"},"modified":"2018-10-23T22:26:00","modified_gmt":"2018-10-23T19:26:00","slug":"pun-mestaruusmaastot-23-10-2018","status":"publish","type":"post","link":"https:\/\/porvoonurheilijat.fi\/yleisurheilu\/2018\/10\/23\/pun-mestaruusmaastot-23-10-2018\/","title":{"rendered":"PU:n mestaruusmaastot 23.10.2018"},"content":{"rendered":"<h2>Tulokset<\/h2>\n<p>Kolme parasta joka sarjasta palkitaan seuran palkintojenjakotilaisuudessa P\u00e4\u00e4skytien koululla ke 7.11.2018.<\/p>\n<p><!--more--><\/p>\n<h3>Tyt\u00f6t 8v 800m:<\/h3>\n<table style=\"height: 737px\" width=\"417\">\n<tbody>\n<tr>\n<td width=\"53\"><strong>Sijoitus<\/strong><\/td>\n<td width=\"70\"><strong>Loppuaika<\/strong><\/td>\n<td width=\"128\"><strong>Nimi<\/strong><\/td>\n<\/tr>\n<tr>\n<td>1<\/td>\n<td>3:10<\/td>\n<td>Amanda Ahlgren<\/td>\n<\/tr>\n<tr>\n<td>2<\/td>\n<td>3:21<\/td>\n<td>Ninni Penttinen<\/td>\n<\/tr>\n<tr>\n<td>3<\/td>\n<td>3:21<\/td>\n<td>Kaisla Rouvila<\/td>\n<\/tr>\n<tr>\n<td>4<\/td>\n<td>3:22<\/td>\n<td>Maiju M\u00e4itt\u00e4l\u00e4<\/td>\n<\/tr>\n<tr>\n<td>5<\/td>\n<td>3:40<\/td>\n<td>Amelie J\u00e4rvel\u00e4inen<\/td>\n<\/tr>\n<tr>\n<td>6<\/td>\n<td>3:44<\/td>\n<td>Ella Tuparinne<\/td>\n<\/tr>\n<tr>\n<td>7<\/td>\n<td>3:48<\/td>\n<td>Eerika Putkinen<\/td>\n<\/tr>\n<tr>\n<td>8<\/td>\n<td>3:57<\/td>\n<td>Seela Sund<\/td>\n<\/tr>\n<tr>\n<td>9<\/td>\n<td>4:31<\/td>\n<td>Vera R\u00e4s\u00e4nen<\/td>\n<\/tr>\n<tr>\n<td>10<\/td>\n<td>4:32<\/td>\n<td>Vera Hamina<\/td>\n<\/tr>\n<tr>\n<td>11<\/td>\n<td>4:54<\/td>\n<td>Lotta Veskim\u00e4e<\/td>\n<\/tr>\n<tr>\n<td>12<\/td>\n<td>5:18<\/td>\n<td>Amisha Sulaiman<\/td>\n<\/tr>\n<tr>\n<td>13<\/td>\n<td>6:30<\/td>\n<td>Nala Lassenius<\/td>\n<\/tr>\n<tr>\n<td>14<\/td>\n<td>8:37<\/td>\n<td>Mila Lassenius<\/td>\n<\/tr>\n<\/tbody>\n<\/table>\n<h3><\/h3>\n<h3>Pojat 8v 800m:<\/h3>\n<table style=\"height: 304px\" width=\"425\">\n<tbody>\n<tr>\n<td width=\"53\"><strong>Sijoitus<\/strong><\/td>\n<td width=\"70\"><strong>Loppuaika<\/strong><\/td>\n<td width=\"127\"><strong>Nimi<\/strong><\/td>\n<\/tr>\n<tr>\n<td>1<\/td>\n<td>3:28<\/td>\n<td>Luka Soiramo<\/td>\n<\/tr>\n<tr>\n<td>2<\/td>\n<td>3:33<\/td>\n<td>Elias Hirtentreu<\/td>\n<\/tr>\n<tr>\n<td>3<\/td>\n<td>3:37<\/td>\n<td>Adrian Sulaiman<\/td>\n<\/tr>\n<tr>\n<td>4<\/td>\n<td>3:38<\/td>\n<td>Leon Amaral<\/td>\n<\/tr>\n<tr>\n<td>5<\/td>\n<td>3:52<\/td>\n<td>Alex Leiramo<\/td>\n<\/tr>\n<tr>\n<td>6<\/td>\n<td>4:41<\/td>\n<td>Ato V\u00e4ist\u00f6<\/td>\n<\/tr>\n<\/tbody>\n<\/table>\n<p>&nbsp;<\/p>\n<h3>Tyt\u00f6t 10v 1,15 km:<\/h3>\n<table style=\"height: 441px\" width=\"469\">\n<tbody>\n<tr>\n<td width=\"53\"><strong>Sijoitus<\/strong><\/td>\n<td width=\"70\"><strong>Loppuaika<\/strong><\/td>\n<td width=\"128\"><strong>Nimi<\/strong><\/td>\n<\/tr>\n<tr>\n<td>1<\/td>\n<td>4:42<\/td>\n<td>Aino Pirhonen<\/td>\n<\/tr>\n<tr>\n<td>2<\/td>\n<td>4:58<\/td>\n<td>Emma Hamina<\/td>\n<\/tr>\n<tr>\n<td>3<\/td>\n<td>5:01<\/td>\n<td>Venla Karjalainen<\/td>\n<\/tr>\n<tr>\n<td>4<\/td>\n<td>5:02<\/td>\n<td>Miisa M\u00e4itt\u00e4l\u00e4<\/td>\n<\/tr>\n<tr>\n<td>5<\/td>\n<td>5:05<\/td>\n<td>Enni Jokkala<\/td>\n<\/tr>\n<tr>\n<td>6<\/td>\n<td>5:16<\/td>\n<td>Elli Mattila<\/td>\n<\/tr>\n<tr>\n<td>7<\/td>\n<td>5:32<\/td>\n<td>Liina Savela<\/td>\n<\/tr>\n<tr>\n<td>8<\/td>\n<td>6:02<\/td>\n<td>Ada Myrtenblad<\/td>\n<\/tr>\n<tr>\n<td>9<\/td>\n<td>6:10<\/td>\n<td>Sara Tuparinne<\/td>\n<\/tr>\n<tr>\n<td>10<\/td>\n<td>800m<\/td>\n<td>Emmi Tamminen<\/td>\n<\/tr>\n<\/tbody>\n<\/table>\n<h3><\/h3>\n<h3>Pojat 10v 1,15 km:<\/h3>\n<table style=\"height: 289px\" width=\"419\">\n<tbody>\n<tr>\n<td width=\"53\"><strong>Sijoitus<\/strong><\/td>\n<td width=\"70\"><strong>Loppuaika<\/strong><\/td>\n<td width=\"127\"><strong>Nimi<\/strong><\/td>\n<\/tr>\n<tr>\n<td>1<\/td>\n<td>4:25<\/td>\n<td>Anton Myrtenblad<\/td>\n<\/tr>\n<tr>\n<td>2<\/td>\n<td>4:28<\/td>\n<td>Leo Kouki<\/td>\n<\/tr>\n<tr>\n<td>3<\/td>\n<td>4:36<\/td>\n<td>Jonne Saraniemi<\/td>\n<\/tr>\n<tr>\n<td>4<\/td>\n<td>4:50<\/td>\n<td>Benjamin Sved<\/td>\n<\/tr>\n<tr>\n<td>5<\/td>\n<td>4:51<\/td>\n<td>Mats Veskim\u00e4e<\/td>\n<\/tr>\n<tr>\n<td>6<\/td>\n<td>5:45<\/td>\n<td>Veli Lindroos<\/td>\n<\/tr>\n<tr>\n<td>7<\/td>\n<td>5:53<\/td>\n<td>Aapo Odiah<\/td>\n<\/tr>\n<\/tbody>\n<\/table>\n<p>&nbsp;<\/p>\n<h3>Tyt\u00f6t 12v 1,55 km:<\/h3>\n<table style=\"height: 437px\" width=\"423\">\n<tbody>\n<tr>\n<td width=\"53\"><strong>Sijoitus<\/strong><\/td>\n<td width=\"70\"><strong>Loppuaika<\/strong><\/td>\n<td width=\"128\"><strong>Nimi<\/strong><\/td>\n<\/tr>\n<tr>\n<td>1<\/td>\n<td>6:12<\/td>\n<td>Sara Koskela<\/td>\n<\/tr>\n<tr>\n<td>2<\/td>\n<td>6:24<\/td>\n<td>Minni Gr\u00f6nlund<\/td>\n<\/tr>\n<tr>\n<td>3<\/td>\n<td>6:25<\/td>\n<td>Alisa Kiiski<\/td>\n<\/tr>\n<tr>\n<td>4<\/td>\n<td>6:32<\/td>\n<td>Inari Uotila<\/td>\n<\/tr>\n<tr>\n<td>5<\/td>\n<td>6:32<\/td>\n<td>Melissa Rytk\u00f6nen<\/td>\n<\/tr>\n<tr>\n<td>6<\/td>\n<td>6:34<\/td>\n<td>Saana Knoop<\/td>\n<\/tr>\n<tr>\n<td>7<\/td>\n<td>6:40<\/td>\n<td>Anni Kiiski<\/td>\n<\/tr>\n<tr>\n<td>8<\/td>\n<td>6:48<\/td>\n<td>Saara Eriksson<\/td>\n<\/tr>\n<tr>\n<td>13v<\/td>\n<td>6:03<\/td>\n<td>Aino Lindroos<\/td>\n<\/tr>\n<tr>\n<td>13v<\/td>\n<td>6:27<\/td>\n<td>Suvi Knoop<\/td>\n<\/tr>\n<tr>\n<td>13v<\/td>\n<td>6:46<\/td>\n<td>Iida Hyv\u00e4rinen<\/td>\n<\/tr>\n<tr>\n<td>13v<\/td>\n<td>6:55<\/td>\n<td>Jenny Eriksson<\/td>\n<\/tr>\n<\/tbody>\n<\/table>\n<p>&nbsp;<\/p>\n<h3>Pojat 12v 1,55 km:<\/h3>\n<table style=\"height: 129px\" width=\"430\">\n<tbody>\n<tr>\n<td width=\"53\"><strong>Sijoitus<\/strong><\/td>\n<td width=\"70\"><strong>Loppuaika<\/strong><\/td>\n<td width=\"127\"><strong>Nimi<\/strong><\/td>\n<\/tr>\n<tr>\n<td>1<\/td>\n<td>5:46<\/td>\n<td>Niilo M\u00f6ls\u00e4<\/td>\n<\/tr>\n<tr>\n<td>2<\/td>\n<td>6:20<\/td>\n<td>Oiva Odiah<\/td>\n<\/tr>\n<tr>\n<td>3<\/td>\n<td>6:44<\/td>\n<td>Matias Palom\u00e4ki<\/td>\n<\/tr>\n<\/tbody>\n<\/table>\n","protected":false},"excerpt":{"rendered":"<p>Tulokset Kolme parasta joka sarjasta palkitaan seuran palkintojenjakotilaisuudessa P\u00e4\u00e4skytien koululla ke 7.11.2018.<\/p>\n","protected":false},"author":4,"featured_media":1309,"comment_status":"open","ping_status":"open","sticky":false,"template":"","format":"standard","meta":{"footnotes":""},"categories":[1],"tags":[],"class_list":["post-1302","post","type-post","status-publish","format-standard","has-post-thumbnail","hentry","category-yleinen"],"_links":{"self":[{"href":"https:\/\/porvoonurheilijat.fi\/yleisurheilu\/wp-json\/wp\/v2\/posts\/1302","targetHints":{"allow":["GET"]}}],"collection":[{"href":"https:\/\/porvoonurheilijat.fi\/yleisurheilu\/wp-json\/wp\/v2\/posts"}],"about":[{"href":"https:\/\/porvoonurheilijat.fi\/yleisurheilu\/wp-json\/wp\/v2\/types\/post"}],"author":[{"embeddable":true,"href":"https:\/\/porvoonurheilijat.fi\/yleisurheilu\/wp-json\/wp\/v2\/users\/4"}],"replies":[{"embeddable":true,"href":"https:\/\/porvoonurheilijat.fi\/yleisurheilu\/wp-json\/wp\/v2\/comments?post=1302"}],"version-history":[{"count":5,"href":"https:\/\/porvoonurheilijat.fi\/yleisurheilu\/wp-json\/wp\/v2\/posts\/1302\/revisions"}],"predecessor-version":[{"id":1307,"href":"https:\/\/porvoonurheilijat.fi\/yleisurheilu\/wp-json\/wp\/v2\/posts\/1302\/revisions\/1307"}],"wp:featuredmedia":[{"embeddable":true,"href":"https:\/\/porvoonurheilijat.fi\/yleisurheilu\/wp-json\/wp\/v2\/media\/1309"}],"wp:attachment":[{"href":"https:\/\/porvoonurheilijat.fi\/yleisurheilu\/wp-json\/wp\/v2\/media?parent=1302"}],"wp:term":[{"taxonomy":"category","embeddable":true,"href":"https:\/\/porvoonurheilijat.fi\/yleisurheilu\/wp-json\/wp\/v2\/categories?post=1302"},{"taxonomy":"post_tag","embeddable":true,"href":"https:\/\/porvoonurheilijat.fi\/yleisurheilu\/wp-json\/wp\/v2\/tags?post=1302"}],"curies":[{"name":"wp","href":"https:\/\/api.w.org\/{rel}","templated":true}]}}