{"id":170,"date":"2017-08-07T14:39:18","date_gmt":"2017-08-07T11:39:18","guid":{"rendered":"http:\/\/porvoonurheilijat.fi\/yleisurheilu\/?p=170"},"modified":"2017-08-11T14:52:54","modified_gmt":"2017-08-11T11:52:54","slug":"22-vuotiaiden-sm-kisat-kauhavalla-4-6-8-2017","status":"publish","type":"post","link":"https:\/\/porvoonurheilijat.fi\/yleisurheilu\/2017\/08\/07\/22-vuotiaiden-sm-kisat-kauhavalla-4-6-8-2017\/","title":{"rendered":"22-vuotiaiden SM-kisat Kauhavalla 4. &#8211; 6.8.2017"},"content":{"rendered":"<p>Porvoon Urheilijoille kolme mitalia ja nelj\u00e4s sija!<\/p>\n<p>Emma Jalkanen onnistui SM-kisojen ensimm\u00e4isen\u00e4 p\u00e4iv\u00e4n\u00e4 upeasti ja voitti kultaa N22-sarjan 1500 metrill\u00e4 parantaen samalla enn\u00e4tyst\u00e4\u00e4n kymmenell\u00e4 sekunnilla! PU:n hyv\u00e4\u00e4 panosta t\u00e4ydensi saman juoksun nelj\u00e4nneksi ylt\u00e4nyt Mona J\u00e4ppinen. Molemmat kisaavat 22-vuotiaiden sarjassa vasta ensimm\u00e4ist\u00e4 vuottaan.<\/p>\n<p>Lauantaina Emma saavutti jo kisojen toisen mitalinsa juosten hopealle 800m:lla kauden parhaalla ajallaan. Kisojen kolmantena kilpailup\u00e4iv\u00e4n\u00e4 Mona J\u00e4ppinen nappasi pronssia 5000 metrill\u00e4 t\u00e4ydent\u00e4en samalla PU:n v\u00e4risuoran n\u00e4ist\u00e4 kisoista (sijat 1-2-3-4). Isot onnittelut molemmille!<\/p>\n<p>Harvoin nuorten SM-kisojen onnistumiset ovat tuntuneet n\u00e4in makeilta. Molemmat nuoret naiset ovat kamppailleet viime vuosina erilaisten vaikeuksien kanssa esimerkillisen sinnikk\u00e4\u00e4sti. Vaikka kasvoilla onkin aina aurinkoinen hymy, my\u00f6s muunlaisia tunteita on k\u00e4yty l\u00e4pi. Nyt suunta on taas vahvasti positiivinen ja juoksijan uralla ollaan edelleen nuoria. T\u00e4m\u00e4p\u00e4 onkin se urheilun paras oppi: Pitk\u00e4j\u00e4nteisesti eteenp\u00e4in my\u00f6s vaikeina hetkin\u00e4 ja kehityst\u00e4 tulee ennemmin tai my\u00f6hemmin aivan varmasti.<\/p>\n","protected":false},"excerpt":{"rendered":"<p>Porvoon Urheilijoille kolme mitalia ja nelj\u00e4s sija! Emma Jalkanen onnistui SM-kisojen ensimm\u00e4isen\u00e4 p\u00e4iv\u00e4n\u00e4 upeasti ja voitti kultaa N22-sarjan 1500 metrill\u00e4 parantaen samalla enn\u00e4tyst\u00e4\u00e4n kymmenell\u00e4 sekunnilla! PU:n hyv\u00e4\u00e4 panosta t\u00e4ydensi saman juoksun nelj\u00e4nneksi ylt\u00e4nyt Mona J\u00e4ppinen. Molemmat kisaavat 22-vuotiaiden sarjassa vasta ensimm\u00e4ist\u00e4 vuottaan. Lauantaina Emma saavutti jo kisojen toisen mitalinsa juosten hopealle 800m:lla kauden parhaalla ajallaan. &hellip; <a href=\"https:\/\/porvoonurheilijat.fi\/yleisurheilu\/2017\/08\/07\/22-vuotiaiden-sm-kisat-kauhavalla-4-6-8-2017\/\" class=\"more-link\">Jatka artikkeliin <span class=\"screen-reader-text\">22-vuotiaiden SM-kisat Kauhavalla 4. &#8211; 6.8.2017<\/span><\/a><\/p>\n","protected":false},"author":4,"featured_media":171,"comment_status":"open","ping_status":"open","sticky":false,"template":"","format":"standard","meta":{"footnotes":""},"categories":[1],"tags":[],"class_list":["post-170","post","type-post","status-publish","format-standard","has-post-thumbnail","hentry","category-yleinen"],"_links":{"self":[{"href":"https:\/\/porvoonurheilijat.fi\/yleisurheilu\/wp-json\/wp\/v2\/posts\/170","targetHints":{"allow":["GET"]}}],"collection":[{"href":"https:\/\/porvoonurheilijat.fi\/yleisurheilu\/wp-json\/wp\/v2\/posts"}],"about":[{"href":"https:\/\/porvoonurheilijat.fi\/yleisurheilu\/wp-json\/wp\/v2\/types\/post"}],"author":[{"embeddable":true,"href":"https:\/\/porvoonurheilijat.fi\/yleisurheilu\/wp-json\/wp\/v2\/users\/4"}],"replies":[{"embeddable":true,"href":"https:\/\/porvoonurheilijat.fi\/yleisurheilu\/wp-json\/wp\/v2\/comments?post=170"}],"version-history":[{"count":1,"href":"https:\/\/porvoonurheilijat.fi\/yleisurheilu\/wp-json\/wp\/v2\/posts\/170\/revisions"}],"predecessor-version":[{"id":172,"href":"https:\/\/porvoonurheilijat.fi\/yleisurheilu\/wp-json\/wp\/v2\/posts\/170\/revisions\/172"}],"wp:featuredmedia":[{"embeddable":true,"href":"https:\/\/porvoonurheilijat.fi\/yleisurheilu\/wp-json\/wp\/v2\/media\/171"}],"wp:attachment":[{"href":"https:\/\/porvoonurheilijat.fi\/yleisurheilu\/wp-json\/wp\/v2\/media?parent=170"}],"wp:term":[{"taxonomy":"category","embeddable":true,"href":"https:\/\/porvoonurheilijat.fi\/yleisurheilu\/wp-json\/wp\/v2\/categories?post=170"},{"taxonomy":"post_tag","embeddable":true,"href":"https:\/\/porvoonurheilijat.fi\/yleisurheilu\/wp-json\/wp\/v2\/tags?post=170"}],"curies":[{"name":"wp","href":"https:\/\/api.w.org\/{rel}","templated":true}]}}