{"id":173,"date":"2018-08-15T11:00:13","date_gmt":"2018-08-15T08:00:13","guid":{"rendered":"http:\/\/porvoonurheilijat.fi\/yleisurheilu\/?p=173"},"modified":"2018-08-15T11:49:49","modified_gmt":"2018-08-15T08:49:49","slug":"syksyn-ryhmien-ilmoittautuminen-on-avattu","status":"publish","type":"post","link":"https:\/\/porvoonurheilijat.fi\/yleisurheilu\/2018\/08\/15\/syksyn-ryhmien-ilmoittautuminen-on-avattu\/","title":{"rendered":"Syksyn ryhmien ilmoittautuminen on avattu!"},"content":{"rendered":"<p>Kaikkien aikojen yleisurheilukes\u00e4 on v\u00e4hitellen k\u00e4\u00e4ntym\u00e4ss\u00e4 kohti syksy\u00e4 ja on tullut aika ilmoittautua syksyn ryhmiin. \u00a0Ryhmi\u00e4 kaikille yli 4-vuotiaille, mm. <strong>uusi YU4\u00bd-ryhm\u00e4 2012-syntyneille<\/strong>!<\/p>\n<div id=\"page\" class=\"site\">\n<div id=\"content\" class=\"site-content\">\n<div id=\"primary\" class=\"content-area\">\n<article id=\"post-4\" class=\"post-4 page type-page status-publish has-post-thumbnail hentry\">Ilmoittautuminen ja lis\u00e4tiedot:<\/p>\n<ul>\n<li><strong><a href=\"https:\/\/porvoonurheilijat.fi\/yleisurheilu\/hippo-yleisurheilukoulu\/hippo-yleisurheilukoulun-syys-ja-kevatkaudet-2018-2019\/\">Hippo-yleisurheilukoulu 2013-2014 -syntyneille<\/a><\/strong><\/li>\n<li><strong><a href=\"https:\/\/porvoonurheilijat.fi\/yleisurheilu\/lasten-harjoitusryhmat\/\">YU-ryhm\u00e4 4\u00bd 2012-syntyneille<\/a><\/strong><\/li>\n<li><a href=\"https:\/\/porvoonurheilijat.fi\/yleisurheilu\/lasten-harjoitusryhmat\/\"><strong>YU-ryhm\u00e4 4 2010-2011 -syntyneille<\/strong><\/a><\/li>\n<li><a href=\"https:\/\/porvoonurheilijat.fi\/yleisurheilu\/lasten-harjoitusryhmat\/\"><strong>YU-ryhm\u00e4 3 2008-2009 -syntyneille<\/strong><\/a><\/li>\n<li><a href=\"https:\/\/porvoonurheilijat.fi\/yleisurheilu\/lasten-harjoitusryhmat\/\"><strong>YU-ryhm\u00e4 2 2004-2007 -syntyneille<\/strong><\/a><\/li>\n<\/ul>\n<\/article>\n<\/div>\n<\/div>\n<\/div>\n<div class=\"text_exposed_show\">\n<p>Tervetuloa mukaan iloisiin ryhmiimme!\u00a0<span class=\"_5mfr _47e3\"><img loading=\"lazy\" decoding=\"async\" class=\"img\" role=\"presentation\" src=\"https:\/\/www.facebook.com\/images\/emoji.php\/v9\/f6c\/1\/16\/2764.png\" alt=\"\" width=\"16\" height=\"16\" \/><span class=\"_7oe\">\u2764\ufe0f<\/span><\/span><span class=\"_5mfr _47e3\"><img loading=\"lazy\" decoding=\"async\" class=\"img\" role=\"presentation\" src=\"https:\/\/www.facebook.com\/images\/emoji.php\/v9\/f6c\/1\/16\/2764.png\" alt=\"\" width=\"16\" height=\"16\" \/><span class=\"_7oe\">\u2764\ufe0f<\/span><\/span><span class=\"_5mfr _47e3\"><img loading=\"lazy\" decoding=\"async\" class=\"img\" role=\"presentation\" src=\"https:\/\/www.facebook.com\/images\/emoji.php\/v9\/f6c\/1\/16\/2764.png\" alt=\"\" width=\"16\" height=\"16\" \/><span class=\"_7oe\">\u2764\ufe0f<\/span><\/span><\/p>\n<\/div>\n","protected":false},"excerpt":{"rendered":"<p>Kaikkien aikojen yleisurheilukes\u00e4 on v\u00e4hitellen k\u00e4\u00e4ntym\u00e4ss\u00e4 kohti syksy\u00e4 ja on tullut aika ilmoittautua syksyn ryhmiin. \u00a0Ryhmi\u00e4 kaikille yli 4-vuotiaille, mm. uusi YU4\u00bd-ryhm\u00e4 2012-syntyneille! Ilmoittautuminen ja lis\u00e4tiedot: Hippo-yleisurheilukoulu 2013-2014 -syntyneille YU-ryhm\u00e4 4\u00bd 2012-syntyneille YU-ryhm\u00e4 4 2010-2011 -syntyneille YU-ryhm\u00e4 3 2008-2009 -syntyneille YU-ryhm\u00e4 2 2004-2007 -syntyneille Tervetuloa mukaan iloisiin ryhmiimme!\u00a0\u2764\ufe0f\u2764\ufe0f\u2764\ufe0f<\/p>\n","protected":false},"author":4,"featured_media":174,"comment_status":"open","ping_status":"open","sticky":false,"template":"","format":"standard","meta":{"footnotes":""},"categories":[1],"tags":[],"class_list":["post-173","post","type-post","status-publish","format-standard","has-post-thumbnail","hentry","category-yleinen"],"_links":{"self":[{"href":"https:\/\/porvoonurheilijat.fi\/yleisurheilu\/wp-json\/wp\/v2\/posts\/173","targetHints":{"allow":["GET"]}}],"collection":[{"href":"https:\/\/porvoonurheilijat.fi\/yleisurheilu\/wp-json\/wp\/v2\/posts"}],"about":[{"href":"https:\/\/porvoonurheilijat.fi\/yleisurheilu\/wp-json\/wp\/v2\/types\/post"}],"author":[{"embeddable":true,"href":"https:\/\/porvoonurheilijat.fi\/yleisurheilu\/wp-json\/wp\/v2\/users\/4"}],"replies":[{"embeddable":true,"href":"https:\/\/porvoonurheilijat.fi\/yleisurheilu\/wp-json\/wp\/v2\/comments?post=173"}],"version-history":[{"count":6,"href":"https:\/\/porvoonurheilijat.fi\/yleisurheilu\/wp-json\/wp\/v2\/posts\/173\/revisions"}],"predecessor-version":[{"id":1138,"href":"https:\/\/porvoonurheilijat.fi\/yleisurheilu\/wp-json\/wp\/v2\/posts\/173\/revisions\/1138"}],"wp:featuredmedia":[{"embeddable":true,"href":"https:\/\/porvoonurheilijat.fi\/yleisurheilu\/wp-json\/wp\/v2\/media\/174"}],"wp:attachment":[{"href":"https:\/\/porvoonurheilijat.fi\/yleisurheilu\/wp-json\/wp\/v2\/media?parent=173"}],"wp:term":[{"taxonomy":"category","embeddable":true,"href":"https:\/\/porvoonurheilijat.fi\/yleisurheilu\/wp-json\/wp\/v2\/categories?post=173"},{"taxonomy":"post_tag","embeddable":true,"href":"https:\/\/porvoonurheilijat.fi\/yleisurheilu\/wp-json\/wp\/v2\/tags?post=173"}],"curies":[{"name":"wp","href":"https:\/\/api.w.org\/{rel}","templated":true}]}}