{"id":1831,"date":"2019-08-16T11:36:17","date_gmt":"2019-08-16T08:36:17","guid":{"rendered":"http:\/\/porvoonurheilijat.fi\/yleisurheilu\/?p=1831"},"modified":"2019-08-16T11:36:17","modified_gmt":"2019-08-16T08:36:17","slug":"lasten-syyskauden-ryhmien-ilmoittautuminen-on-avattu","status":"publish","type":"post","link":"https:\/\/porvoonurheilijat.fi\/yleisurheilu\/2019\/08\/16\/lasten-syyskauden-ryhmien-ilmoittautuminen-on-avattu\/","title":{"rendered":"Lasten syyskauden ryhmien ilmoittautuminen on avattu!"},"content":{"rendered":"\n<p>Upean iloinen yleisurheilukes\u00e4 on j\u00e4lleen k\u00e4\u00e4ntym\u00e4ss\u00e4 kohti syksy\u00e4 ja on tullut aika ilmoittautua syksyn ryhmiin. \u00a0Ryhmi\u00e4 kaikille yli 4-vuotiaille, mm. ekaluokkalaisten eskareiden <strong> YU5-ryhm\u00e4 2012-2013 -syntyneille<\/strong>!<\/p>\n\n\n\n<p>Ilmoittautuminen ja lis\u00e4tiedot: <\/p>\n\n\n\n<ul class=\"wp-block-list\"><li><strong><a href=\"https:\/\/porvoonurheilijat.fi\/yleisurheilu\/hippo-yleisurheilukoulu\/hippo-yleisurheilukoulun-syys-ja-kevatkaudet-2019-2020\/\">Hippo-yleisurheilukoulu 2014-2015 -syntyneille<\/a><\/strong><\/li><li><strong><a href=\"https:\/\/porvoonurheilijat.fi\/yleisurheilu\/lasten-harjoitusryhmat\/yu-ryhma-5\/\">YU-ryhm\u00e4 5 2012-2013 -syntyneille<\/a><\/strong><\/li><li><a href=\"https:\/\/porvoonurheilijat.fi\/yleisurheilu\/lasten-harjoitusryhmat\/\"><strong>YU-ryhm\u00e4 4 2010-2011 -syntyneille<\/strong><\/a><\/li><li><a href=\"https:\/\/porvoonurheilijat.fi\/yleisurheilu\/lasten-harjoitusryhmat\/\"><strong>YU-ryhm\u00e4 3 2008-2009 -syntyneille<\/strong><\/a><\/li><li><a href=\"https:\/\/porvoonurheilijat.fi\/yleisurheilu\/lasten-harjoitusryhmat\/\"><strong>YU-ryhm\u00e4 2 2004-2007 -syntyneille<\/strong><\/a><\/li><\/ul>\n\n\n\n<p>Tervetuloa mukaan iloisiin ryhmiimme!&nbsp;\u2764\ufe0f\u2764\ufe0f\u2764\ufe0f<\/p>\n","protected":false},"excerpt":{"rendered":"<p>Upean iloinen yleisurheilukes\u00e4 on j\u00e4lleen k\u00e4\u00e4ntym\u00e4ss\u00e4 kohti syksy\u00e4 ja on tullut aika ilmoittautua syksyn ryhmiin. \u00a0Ryhmi\u00e4 kaikille yli 4-vuotiaille, mm. ekaluokkalaisten eskareiden YU5-ryhm\u00e4 2012-2013 -syntyneille! Ilmoittautuminen ja lis\u00e4tiedot: Hippo-yleisurheilukoulu 2014-2015 -syntyneille YU-ryhm\u00e4 5 2012-2013 -syntyneille YU-ryhm\u00e4 4 2010-2011 -syntyneille YU-ryhm\u00e4 3 2008-2009 -syntyneille YU-ryhm\u00e4 2 2004-2007 -syntyneille Tervetuloa mukaan iloisiin ryhmiimme!&nbsp;\u2764\ufe0f\u2764\ufe0f\u2764\ufe0f<\/p>\n","protected":false},"author":4,"featured_media":1593,"comment_status":"open","ping_status":"open","sticky":false,"template":"","format":"standard","meta":{"footnotes":""},"categories":[1],"tags":[],"class_list":["post-1831","post","type-post","status-publish","format-standard","has-post-thumbnail","hentry","category-yleinen"],"_links":{"self":[{"href":"https:\/\/porvoonurheilijat.fi\/yleisurheilu\/wp-json\/wp\/v2\/posts\/1831","targetHints":{"allow":["GET"]}}],"collection":[{"href":"https:\/\/porvoonurheilijat.fi\/yleisurheilu\/wp-json\/wp\/v2\/posts"}],"about":[{"href":"https:\/\/porvoonurheilijat.fi\/yleisurheilu\/wp-json\/wp\/v2\/types\/post"}],"author":[{"embeddable":true,"href":"https:\/\/porvoonurheilijat.fi\/yleisurheilu\/wp-json\/wp\/v2\/users\/4"}],"replies":[{"embeddable":true,"href":"https:\/\/porvoonurheilijat.fi\/yleisurheilu\/wp-json\/wp\/v2\/comments?post=1831"}],"version-history":[{"count":1,"href":"https:\/\/porvoonurheilijat.fi\/yleisurheilu\/wp-json\/wp\/v2\/posts\/1831\/revisions"}],"predecessor-version":[{"id":1832,"href":"https:\/\/porvoonurheilijat.fi\/yleisurheilu\/wp-json\/wp\/v2\/posts\/1831\/revisions\/1832"}],"wp:featuredmedia":[{"embeddable":true,"href":"https:\/\/porvoonurheilijat.fi\/yleisurheilu\/wp-json\/wp\/v2\/media\/1593"}],"wp:attachment":[{"href":"https:\/\/porvoonurheilijat.fi\/yleisurheilu\/wp-json\/wp\/v2\/media?parent=1831"}],"wp:term":[{"taxonomy":"category","embeddable":true,"href":"https:\/\/porvoonurheilijat.fi\/yleisurheilu\/wp-json\/wp\/v2\/categories?post=1831"},{"taxonomy":"post_tag","embeddable":true,"href":"https:\/\/porvoonurheilijat.fi\/yleisurheilu\/wp-json\/wp\/v2\/tags?post=1831"}],"curies":[{"name":"wp","href":"https:\/\/api.w.org\/{rel}","templated":true}]}}