{"id":1926,"date":"2019-10-27T19:32:30","date_gmt":"2019-10-27T17:32:30","guid":{"rendered":"http:\/\/porvoonurheilijat.fi\/yleisurheilu\/?p=1926"},"modified":"2019-10-27T19:32:30","modified_gmt":"2019-10-27T17:32:30","slug":"kauden-2019-paatostapahtuma-ke-30-10-2019","status":"publish","type":"post","link":"https:\/\/porvoonurheilijat.fi\/yleisurheilu\/2019\/10\/27\/kauden-2019-paatostapahtuma-ke-30-10-2019\/","title":{"rendered":"Kauden 2019 p\u00e4\u00e4t\u00f6stapahtuma ke 30.10.2019"},"content":{"rendered":"\n<p>Tervetuloa Porvoon Urheilijoiden kauden p\u00e4\u00e4t\u00f6stapahtumaan ke 30.10. klo 18 P\u00e4\u00e4skytien koululle. Tilaisuus on tarkoitettu KAIKILLE PUlaisille, niin isoille kuin pienillekin, ja heid\u00e4n vanhemmilleen.<\/p>\n\n\n\n<p>Palkintoja jaetaan kaudella 2019 menestyneille urheilijoille, alle 15-vuotiaissa Ranking-pisteiden ja aktiivisuuden mukaisesti sek\u00e4 PUn mestaruusmaastojen kolmelle parhaalle T\/P8, 10 ja 12-sarjoissa.<\/p>\n\n\n\n<p>Luvassa on my\u00f6s kakkukahvittelua ja kenties jotain muutakin pient\u00e4 ohjelmaa!<\/p>\n\n\n\n<p>Mukava ilta siis tiedossa! L\u00e4mpim\u00e4sti tervetuloa!\n\n<\/p>\n","protected":false},"excerpt":{"rendered":"<p>Tervetuloa Porvoon Urheilijoiden kauden p\u00e4\u00e4t\u00f6stapahtumaan ke 30.10. klo 18 P\u00e4\u00e4skytien koululle. Tilaisuus on tarkoitettu KAIKILLE PUlaisille, niin isoille kuin pienillekin, ja heid\u00e4n vanhemmilleen. Palkintoja jaetaan kaudella 2019 menestyneille urheilijoille, alle 15-vuotiaissa Ranking-pisteiden ja aktiivisuuden mukaisesti sek\u00e4 PUn mestaruusmaastojen kolmelle parhaalle T\/P8, 10 ja 12-sarjoissa. Luvassa on my\u00f6s kakkukahvittelua ja kenties jotain muutakin pient\u00e4 ohjelmaa! Mukava &hellip; <a href=\"https:\/\/porvoonurheilijat.fi\/yleisurheilu\/2019\/10\/27\/kauden-2019-paatostapahtuma-ke-30-10-2019\/\" class=\"more-link\">Jatka artikkeliin <span class=\"screen-reader-text\">Kauden 2019 p\u00e4\u00e4t\u00f6stapahtuma ke 30.10.2019<\/span><\/a><\/p>\n","protected":false},"author":4,"featured_media":1927,"comment_status":"open","ping_status":"open","sticky":false,"template":"","format":"standard","meta":{"footnotes":""},"categories":[1],"tags":[],"class_list":["post-1926","post","type-post","status-publish","format-standard","has-post-thumbnail","hentry","category-yleinen"],"_links":{"self":[{"href":"https:\/\/porvoonurheilijat.fi\/yleisurheilu\/wp-json\/wp\/v2\/posts\/1926","targetHints":{"allow":["GET"]}}],"collection":[{"href":"https:\/\/porvoonurheilijat.fi\/yleisurheilu\/wp-json\/wp\/v2\/posts"}],"about":[{"href":"https:\/\/porvoonurheilijat.fi\/yleisurheilu\/wp-json\/wp\/v2\/types\/post"}],"author":[{"embeddable":true,"href":"https:\/\/porvoonurheilijat.fi\/yleisurheilu\/wp-json\/wp\/v2\/users\/4"}],"replies":[{"embeddable":true,"href":"https:\/\/porvoonurheilijat.fi\/yleisurheilu\/wp-json\/wp\/v2\/comments?post=1926"}],"version-history":[{"count":1,"href":"https:\/\/porvoonurheilijat.fi\/yleisurheilu\/wp-json\/wp\/v2\/posts\/1926\/revisions"}],"predecessor-version":[{"id":1928,"href":"https:\/\/porvoonurheilijat.fi\/yleisurheilu\/wp-json\/wp\/v2\/posts\/1926\/revisions\/1928"}],"wp:featuredmedia":[{"embeddable":true,"href":"https:\/\/porvoonurheilijat.fi\/yleisurheilu\/wp-json\/wp\/v2\/media\/1927"}],"wp:attachment":[{"href":"https:\/\/porvoonurheilijat.fi\/yleisurheilu\/wp-json\/wp\/v2\/media?parent=1926"}],"wp:term":[{"taxonomy":"category","embeddable":true,"href":"https:\/\/porvoonurheilijat.fi\/yleisurheilu\/wp-json\/wp\/v2\/categories?post=1926"},{"taxonomy":"post_tag","embeddable":true,"href":"https:\/\/porvoonurheilijat.fi\/yleisurheilu\/wp-json\/wp\/v2\/tags?post=1926"}],"curies":[{"name":"wp","href":"https:\/\/api.w.org\/{rel}","templated":true}]}}