{"id":2154,"date":"2020-07-26T23:13:46","date_gmt":"2020-07-26T20:13:46","guid":{"rendered":"http:\/\/porvoonurheilijat.fi\/yleisurheilu\/?p=2154"},"modified":"2020-07-26T23:13:46","modified_gmt":"2020-07-26T20:13:46","slug":"hippo-kisat-siirtyvat-ensi-vuoteen-2021-koronaepidemian-vuoksi","status":"publish","type":"post","link":"https:\/\/porvoonurheilijat.fi\/yleisurheilu\/2020\/07\/26\/hippo-kisat-siirtyvat-ensi-vuoteen-2021-koronaepidemian-vuoksi\/","title":{"rendered":"Hippo-kisat siirtyv\u00e4t ensi vuoteen (2021) koronaepidemian vuoksi"},"content":{"rendered":"\n<p>OP It\u00e4-Uusimaa ei j\u00e4rjest\u00e4 t\u00e4n\u00e4 vuonna Hippo-kisoja It\u00e4-Uudenmaan alueella.&nbsp;Hippo-kisat siirtyv\u00e4t Porvoossa elo-syyskuulta ensi vuoteen koronaepidemian vuoksi. <\/p>\n\n\n\n<p>Vaikka tautitilanne It\u00e4-Uudellamaalla on t\u00e4ll\u00e4 hetkell\u00e4 hyv\u00e4, emme voi olla varmoja, ett\u00e4 tilanne s\u00e4ilyy yht\u00e4 hyv\u00e4n\u00e4 alkusyksyyn saakka. Ulkoilmatapahtumasta huolimatta turvaet\u00e4isyyksien&nbsp;ja hygieniaohjeiden noudattamisesta huolehtiminen olisi haastavaa urheilukentill\u00e4, joissa on paljon pieni\u00e4 lapsia yht\u00e4 aikaa. Osallistujien sek\u00e4 henkil\u00f6kuntamme ja urheiluseurojen talkoolaisten terveys on meille ensiarvoisen t\u00e4rke\u00e4\u00e4,&nbsp;toteaa pankinjohtaja Thomas Salomaa It\u00e4-Uudenmaan Osuuspankista.<\/p>\n\n\n\n<p>Hippo-kisat ovat ker\u00e4nneet viime vuosina yhteens\u00e4 jopa 1200 osallistujaa. &#8211; Kun t\u00e4h\u00e4n lasketaan mukaan vanhemmat ja muut kannustusjoukot sek\u00e4 toimitsijat, on useilla paikkakunnilla yht\u00e4 aikaa v\u00e4ke\u00e4 paikalla yli 500 henke\u00e4. Kisojen sujuvuuden kannalta alueiden rajaaminen tai toimintojen porrastaminen olisi haastavaa.<\/p>\n\n\n\n<p>Hippo-kisat j\u00e4rjestet\u00e4\u00e4n vuosittain touko &#8211; elokuun paikkeilla. &#8211; Toivomme perheiden keksiv\u00e4n yhteist\u00e4 liikunnallista tekemist\u00e4 ja l\u00e4htev\u00e4n vaikka omatoimisesti yleisurheilukentille kokeilemaan eri lajeja. Pienet perheen sis\u00e4iset kilpailutkin voisivat olla paikallaan. Tavataan Hippo-kisojen parissa j\u00e4lleen ensi vuonna.<\/p>\n","protected":false},"excerpt":{"rendered":"<p>OP It\u00e4-Uusimaa ei j\u00e4rjest\u00e4 t\u00e4n\u00e4 vuonna Hippo-kisoja It\u00e4-Uudenmaan alueella.&nbsp;Hippo-kisat siirtyv\u00e4t Porvoossa elo-syyskuulta ensi vuoteen koronaepidemian vuoksi. Vaikka tautitilanne It\u00e4-Uudellamaalla on t\u00e4ll\u00e4 hetkell\u00e4 hyv\u00e4, emme voi olla varmoja, ett\u00e4 tilanne s\u00e4ilyy yht\u00e4 hyv\u00e4n\u00e4 alkusyksyyn saakka. Ulkoilmatapahtumasta huolimatta turvaet\u00e4isyyksien&nbsp;ja hygieniaohjeiden noudattamisesta huolehtiminen olisi haastavaa urheilukentill\u00e4, joissa on paljon pieni\u00e4 lapsia yht\u00e4 aikaa. Osallistujien sek\u00e4 henkil\u00f6kuntamme ja urheiluseurojen &hellip; <a href=\"https:\/\/porvoonurheilijat.fi\/yleisurheilu\/2020\/07\/26\/hippo-kisat-siirtyvat-ensi-vuoteen-2021-koronaepidemian-vuoksi\/\" class=\"more-link\">Jatka artikkeliin <span class=\"screen-reader-text\">Hippo-kisat siirtyv\u00e4t ensi vuoteen (2021) koronaepidemian vuoksi<\/span><\/a><\/p>\n","protected":false},"author":10,"featured_media":0,"comment_status":"open","ping_status":"open","sticky":false,"template":"","format":"standard","meta":{"footnotes":""},"categories":[1],"tags":[],"class_list":["post-2154","post","type-post","status-publish","format-standard","hentry","category-yleinen","no-featured-image"],"_links":{"self":[{"href":"https:\/\/porvoonurheilijat.fi\/yleisurheilu\/wp-json\/wp\/v2\/posts\/2154","targetHints":{"allow":["GET"]}}],"collection":[{"href":"https:\/\/porvoonurheilijat.fi\/yleisurheilu\/wp-json\/wp\/v2\/posts"}],"about":[{"href":"https:\/\/porvoonurheilijat.fi\/yleisurheilu\/wp-json\/wp\/v2\/types\/post"}],"author":[{"embeddable":true,"href":"https:\/\/porvoonurheilijat.fi\/yleisurheilu\/wp-json\/wp\/v2\/users\/10"}],"replies":[{"embeddable":true,"href":"https:\/\/porvoonurheilijat.fi\/yleisurheilu\/wp-json\/wp\/v2\/comments?post=2154"}],"version-history":[{"count":2,"href":"https:\/\/porvoonurheilijat.fi\/yleisurheilu\/wp-json\/wp\/v2\/posts\/2154\/revisions"}],"predecessor-version":[{"id":2156,"href":"https:\/\/porvoonurheilijat.fi\/yleisurheilu\/wp-json\/wp\/v2\/posts\/2154\/revisions\/2156"}],"wp:attachment":[{"href":"https:\/\/porvoonurheilijat.fi\/yleisurheilu\/wp-json\/wp\/v2\/media?parent=2154"}],"wp:term":[{"taxonomy":"category","embeddable":true,"href":"https:\/\/porvoonurheilijat.fi\/yleisurheilu\/wp-json\/wp\/v2\/categories?post=2154"},{"taxonomy":"post_tag","embeddable":true,"href":"https:\/\/porvoonurheilijat.fi\/yleisurheilu\/wp-json\/wp\/v2\/tags?post=2154"}],"curies":[{"name":"wp","href":"https:\/\/api.w.org\/{rel}","templated":true}]}}