{"id":244,"date":"2017-10-06T23:16:09","date_gmt":"2017-10-06T20:16:09","guid":{"rendered":"http:\/\/porvoonurheilijat.fi\/yleisurheilu\/?p=244"},"modified":"2017-10-06T23:17:16","modified_gmt":"2017-10-06T20:17:16","slug":"porvoon-koulujen-juoksukanevaali","status":"publish","type":"post","link":"https:\/\/porvoonurheilijat.fi\/yleisurheilu\/2017\/10\/06\/porvoon-koulujen-juoksukanevaali\/","title":{"rendered":"Porvoon koulujen Juoksukanevaali"},"content":{"rendered":"<p>T\u00e4n\u00e4\u00e4n j\u00e4rjestimme ensimm\u00e4isen Porvoon koulujen Juoksukarnevaalin! Olipa Hamari pullollaan mahtavaa liikunnan riemua, mukana 400-500 lasta! Ensi vuonna uudelleen ja mukaan paljon enemm\u00e4n kouluja!\u00a0<span class=\"_5mfr _47e3\"><img loading=\"lazy\" decoding=\"async\" class=\"img\" role=\"presentation\" src=\"https:\/\/www.facebook.com\/images\/emoji.php\/v9\/f24\/1\/16\/1f938_200d_2640.png\" alt=\"\" width=\"16\" height=\"16\" \/><span class=\"_7oe\">\ud83e\udd38\u200d\u2640\ufe0f<\/span><\/span><span class=\"_5mfr _47e3\"><img loading=\"lazy\" decoding=\"async\" class=\"img\" role=\"presentation\" src=\"https:\/\/www.facebook.com\/images\/emoji.php\/v9\/fab\/1\/16\/1f3c3_200d_2642.png\" alt=\"\" width=\"16\" height=\"16\" \/><span class=\"_7oe\">\ud83c\udfc3\u200d\u2642\ufe0f<\/span><\/span><span class=\"_5mfr _47e3\"><img loading=\"lazy\" decoding=\"async\" class=\"img\" role=\"presentation\" src=\"https:\/\/www.facebook.com\/images\/emoji.php\/v9\/f26\/1\/16\/1f938_200d_2642.png\" alt=\"\" width=\"16\" height=\"16\" \/><span class=\"_7oe\">\ud83e\udd38\u200d\u2642\ufe0f<\/span><\/span><span class=\"_5mfr _47e3\"><img loading=\"lazy\" decoding=\"async\" class=\"img\" role=\"presentation\" src=\"https:\/\/www.facebook.com\/images\/emoji.php\/v9\/fa9\/1\/16\/1f3c3_200d_2640.png\" alt=\"\" width=\"16\" height=\"16\" \/><span class=\"_7oe\">\ud83c\udfc3\u200d\u2640\ufe0f<\/span><\/span><\/p>\n<p>Kiitokset kaikille mukana olleille reippaille oppilaille sek\u00e4 erityiskiitokset vapaaehtoisille j\u00e4rjestelij\u00f6ille ja oheistapahtumat j\u00e4rjest\u00e4neelle\u00a0<a class=\"profileLink\" href=\"https:\/\/www.facebook.com\/Liikuta-Lasta-Ry-1440648776228581\/?fref=mentions\">Liikuta Lasta Ry<\/a>\u00a0:lle!<\/p>\n<h3><a href=\"https:\/\/porvoonurheilijat.fi\/yleisurheilu\/kilpailut\/koulujen-juoksukarnevaali\/tulokset-juoksukarnevaali-6-10-2017\/\">Tulokset &#8211; Juoksukarnevaali 6.10.2017<\/a><\/h3>\n","protected":false},"excerpt":{"rendered":"<p>T\u00e4n\u00e4\u00e4n j\u00e4rjestimme ensimm\u00e4isen Porvoon koulujen Juoksukarnevaalin! Olipa Hamari pullollaan mahtavaa liikunnan riemua, mukana 400-500 lasta! Ensi vuonna uudelleen ja mukaan paljon enemm\u00e4n kouluja!\u00a0\ud83e\udd38\u200d\u2640\ufe0f\ud83c\udfc3\u200d\u2642\ufe0f\ud83e\udd38\u200d\u2642\ufe0f\ud83c\udfc3\u200d\u2640\ufe0f Kiitokset kaikille mukana olleille reippaille oppilaille sek\u00e4 erityiskiitokset vapaaehtoisille j\u00e4rjestelij\u00f6ille ja oheistapahtumat j\u00e4rjest\u00e4neelle\u00a0Liikuta Lasta Ry\u00a0:lle! Tulokset &#8211; Juoksukarnevaali 6.10.2017<\/p>\n","protected":false},"author":4,"featured_media":245,"comment_status":"open","ping_status":"open","sticky":false,"template":"","format":"standard","meta":{"footnotes":""},"categories":[1],"tags":[],"class_list":["post-244","post","type-post","status-publish","format-standard","has-post-thumbnail","hentry","category-yleinen"],"_links":{"self":[{"href":"https:\/\/porvoonurheilijat.fi\/yleisurheilu\/wp-json\/wp\/v2\/posts\/244","targetHints":{"allow":["GET"]}}],"collection":[{"href":"https:\/\/porvoonurheilijat.fi\/yleisurheilu\/wp-json\/wp\/v2\/posts"}],"about":[{"href":"https:\/\/porvoonurheilijat.fi\/yleisurheilu\/wp-json\/wp\/v2\/types\/post"}],"author":[{"embeddable":true,"href":"https:\/\/porvoonurheilijat.fi\/yleisurheilu\/wp-json\/wp\/v2\/users\/4"}],"replies":[{"embeddable":true,"href":"https:\/\/porvoonurheilijat.fi\/yleisurheilu\/wp-json\/wp\/v2\/comments?post=244"}],"version-history":[{"count":2,"href":"https:\/\/porvoonurheilijat.fi\/yleisurheilu\/wp-json\/wp\/v2\/posts\/244\/revisions"}],"predecessor-version":[{"id":247,"href":"https:\/\/porvoonurheilijat.fi\/yleisurheilu\/wp-json\/wp\/v2\/posts\/244\/revisions\/247"}],"wp:featuredmedia":[{"embeddable":true,"href":"https:\/\/porvoonurheilijat.fi\/yleisurheilu\/wp-json\/wp\/v2\/media\/245"}],"wp:attachment":[{"href":"https:\/\/porvoonurheilijat.fi\/yleisurheilu\/wp-json\/wp\/v2\/media?parent=244"}],"wp:term":[{"taxonomy":"category","embeddable":true,"href":"https:\/\/porvoonurheilijat.fi\/yleisurheilu\/wp-json\/wp\/v2\/categories?post=244"},{"taxonomy":"post_tag","embeddable":true,"href":"https:\/\/porvoonurheilijat.fi\/yleisurheilu\/wp-json\/wp\/v2\/tags?post=244"}],"curies":[{"name":"wp","href":"https:\/\/api.w.org\/{rel}","templated":true}]}}