{"id":2658,"date":"2021-08-10T11:42:08","date_gmt":"2021-08-10T08:42:08","guid":{"rendered":"https:\/\/porvoonurheilijat.fi\/yleisurheilu\/?p=2658"},"modified":"2021-08-25T18:12:17","modified_gmt":"2021-08-25T15:12:17","slug":"syyskausi-alkaa-13-9","status":"publish","type":"post","link":"https:\/\/porvoonurheilijat.fi\/yleisurheilu\/2021\/08\/10\/syyskausi-alkaa-13-9\/","title":{"rendered":"Syyskausi alkaa 13.9."},"content":{"rendered":"\n<p>Kes\u00e4kauden viimeinen yhteinen tapahtuma on Viikkokisat 4. mist\u00e4 alkaa syystauko harjoittelusta. Syystauolla voi toki k\u00e4yd\u00e4 reippailemassa ja kilpailemassa omatoimisesti. Uudyn pm kisataan viel\u00e4 elokuun lopussa! <\/p>\n\n\n\n<p>Nettisivut ja ryhmien myClub on p\u00e4ivitetty syyskauden osalta. Ryhmien suunnitlema harjoitteluajoista ja -paikoista l\u00f6ytyy ryhmien alta. Ajankohtainen tieto treeneist\u00e4 p\u00e4ivitet\u00e4\u00e4n aina oman ryhm\u00e4n myClubiin.<\/p>\n\n\n\n<p>Uusille urheilijoille ilmoittautumiset on nyt auki! Tervetuloa!<\/p>\n","protected":false},"excerpt":{"rendered":"<p>Kes\u00e4kauden viimeinen yhteinen tapahtuma on Viikkokisat 4. mist\u00e4 alkaa syystauko harjoittelusta. Syystauolla voi toki k\u00e4yd\u00e4 reippailemassa ja kilpailemassa omatoimisesti. Uudyn pm kisataan viel\u00e4 elokuun lopussa! Nettisivut ja ryhmien myClub on p\u00e4ivitetty syyskauden osalta. Ryhmien suunnitlema harjoitteluajoista ja -paikoista l\u00f6ytyy ryhmien alta. Ajankohtainen tieto treeneist\u00e4 p\u00e4ivitet\u00e4\u00e4n aina oman ryhm\u00e4n myClubiin. Uusille urheilijoille ilmoittautumiset on nyt auki! &hellip; <a href=\"https:\/\/porvoonurheilijat.fi\/yleisurheilu\/2021\/08\/10\/syyskausi-alkaa-13-9\/\" class=\"more-link\">Jatka artikkeliin <span class=\"screen-reader-text\">Syyskausi alkaa 13.9.<\/span><\/a><\/p>\n","protected":false},"author":10,"featured_media":0,"comment_status":"open","ping_status":"open","sticky":false,"template":"","format":"standard","meta":{"footnotes":""},"categories":[1],"tags":[],"class_list":["post-2658","post","type-post","status-publish","format-standard","hentry","category-yleinen","no-featured-image"],"_links":{"self":[{"href":"https:\/\/porvoonurheilijat.fi\/yleisurheilu\/wp-json\/wp\/v2\/posts\/2658","targetHints":{"allow":["GET"]}}],"collection":[{"href":"https:\/\/porvoonurheilijat.fi\/yleisurheilu\/wp-json\/wp\/v2\/posts"}],"about":[{"href":"https:\/\/porvoonurheilijat.fi\/yleisurheilu\/wp-json\/wp\/v2\/types\/post"}],"author":[{"embeddable":true,"href":"https:\/\/porvoonurheilijat.fi\/yleisurheilu\/wp-json\/wp\/v2\/users\/10"}],"replies":[{"embeddable":true,"href":"https:\/\/porvoonurheilijat.fi\/yleisurheilu\/wp-json\/wp\/v2\/comments?post=2658"}],"version-history":[{"count":3,"href":"https:\/\/porvoonurheilijat.fi\/yleisurheilu\/wp-json\/wp\/v2\/posts\/2658\/revisions"}],"predecessor-version":[{"id":2702,"href":"https:\/\/porvoonurheilijat.fi\/yleisurheilu\/wp-json\/wp\/v2\/posts\/2658\/revisions\/2702"}],"wp:attachment":[{"href":"https:\/\/porvoonurheilijat.fi\/yleisurheilu\/wp-json\/wp\/v2\/media?parent=2658"}],"wp:term":[{"taxonomy":"category","embeddable":true,"href":"https:\/\/porvoonurheilijat.fi\/yleisurheilu\/wp-json\/wp\/v2\/categories?post=2658"},{"taxonomy":"post_tag","embeddable":true,"href":"https:\/\/porvoonurheilijat.fi\/yleisurheilu\/wp-json\/wp\/v2\/tags?post=2658"}],"curies":[{"name":"wp","href":"https:\/\/api.w.org\/{rel}","templated":true}]}}