{"id":3020,"date":"2022-04-08T12:19:32","date_gmt":"2022-04-08T09:19:32","guid":{"rendered":"https:\/\/porvoonurheilijat.fi\/yleisurheilu\/?p=3020"},"modified":"2022-08-17T19:39:17","modified_gmt":"2022-08-17T16:39:17","slug":"kesan-2022-yleisurheilukoulu-tulevat","status":"publish","type":"post","link":"https:\/\/porvoonurheilijat.fi\/yleisurheilu\/2022\/04\/08\/kesan-2022-yleisurheilukoulu-tulevat\/","title":{"rendered":"Hippo yleisurheilukoulun &amp; YU-ryhmien ilmoittautuminen on nyt auki uusille urheilijoille!"},"content":{"rendered":"\n<p>Suosittu Hippo yleisurheilukoulu sek\u00e4 YU -ryhmien kes\u00e4kausi alkaa toukokuussa. Ilmoittaudu mukaan yleisurheiluun NYT!<br><br><a href=\"https:\/\/porvoonurheilijat.fi\/yleisurheilu\/lasten-harjoitusryhmat\/\" data-type=\"URL\" data-id=\"https:\/\/porvoonurheilijat.fi\/yleisurheilu\/lasten-harjoitusryhmat\/\">YU ryhm\u00e4t 2007-2015-syntyneet<\/a><br><a href=\"https:\/\/porvoonurheilijat.fi\/yleisurheilu\/hippo-yleisurheilukoulu\/\" data-type=\"URL\" data-id=\"https:\/\/porvoonurheilijat.fi\/yleisurheilu\/hippo-yleisurheilukoulu\/\">Hippo yu-koulu 2016-2018-syntyneet<\/a><\/p>\n","protected":false},"excerpt":{"rendered":"<p>Suosittu Hippo yleisurheilukoulu sek\u00e4 YU -ryhmien kes\u00e4kausi alkaa toukokuussa. Ilmoittaudu mukaan yleisurheiluun NYT! YU ryhm\u00e4t 2007-2015-syntyneetHippo yu-koulu 2016-2018-syntyneet<\/p>\n","protected":false},"author":4,"featured_media":0,"comment_status":"open","ping_status":"open","sticky":false,"template":"","format":"standard","meta":{"footnotes":""},"categories":[1],"tags":[],"class_list":["post-3020","post","type-post","status-publish","format-standard","hentry","category-yleinen","no-featured-image"],"_links":{"self":[{"href":"https:\/\/porvoonurheilijat.fi\/yleisurheilu\/wp-json\/wp\/v2\/posts\/3020","targetHints":{"allow":["GET"]}}],"collection":[{"href":"https:\/\/porvoonurheilijat.fi\/yleisurheilu\/wp-json\/wp\/v2\/posts"}],"about":[{"href":"https:\/\/porvoonurheilijat.fi\/yleisurheilu\/wp-json\/wp\/v2\/types\/post"}],"author":[{"embeddable":true,"href":"https:\/\/porvoonurheilijat.fi\/yleisurheilu\/wp-json\/wp\/v2\/users\/4"}],"replies":[{"embeddable":true,"href":"https:\/\/porvoonurheilijat.fi\/yleisurheilu\/wp-json\/wp\/v2\/comments?post=3020"}],"version-history":[{"count":8,"href":"https:\/\/porvoonurheilijat.fi\/yleisurheilu\/wp-json\/wp\/v2\/posts\/3020\/revisions"}],"predecessor-version":[{"id":3129,"href":"https:\/\/porvoonurheilijat.fi\/yleisurheilu\/wp-json\/wp\/v2\/posts\/3020\/revisions\/3129"}],"wp:attachment":[{"href":"https:\/\/porvoonurheilijat.fi\/yleisurheilu\/wp-json\/wp\/v2\/media?parent=3020"}],"wp:term":[{"taxonomy":"category","embeddable":true,"href":"https:\/\/porvoonurheilijat.fi\/yleisurheilu\/wp-json\/wp\/v2\/categories?post=3020"},{"taxonomy":"post_tag","embeddable":true,"href":"https:\/\/porvoonurheilijat.fi\/yleisurheilu\/wp-json\/wp\/v2\/tags?post=3020"}],"curies":[{"name":"wp","href":"https:\/\/api.w.org\/{rel}","templated":true}]}}