{"id":3194,"date":"2022-08-17T19:38:30","date_gmt":"2022-08-17T16:38:30","guid":{"rendered":"https:\/\/porvoonurheilijat.fi\/yleisurheilu\/?p=3194"},"modified":"2023-04-04T12:33:18","modified_gmt":"2023-04-04T09:33:18","slug":"syyskausi-aukeaa-pian","status":"publish","type":"post","link":"https:\/\/porvoonurheilijat.fi\/yleisurheilu\/2022\/08\/17\/syyskausi-aukeaa-pian\/","title":{"rendered":"Suomenkyl\u00e4n testijuoksu  ja nuorten PU:n mestaruusmaantiejuoksu tiistaina 11.4.2023!"},"content":{"rendered":"\n<p>Tarkemmat tiedot l\u00f6yd\u00e4t <a href=\"https:\/\/porvoonurheilijat.fi\/yleisurheilu\/kilpailut\/5km-suomenkylan-testijuoksu\/\" data-type=\"URL\" data-id=\"https:\/\/porvoonurheilijat.fi\/yleisurheilu\/kilpailut\/5km-suomenkylan-testijuoksu\/\">t\u00e4\u00e4lt\u00e4!<\/a><\/p>\n","protected":false},"excerpt":{"rendered":"<p>Tarkemmat tiedot l\u00f6yd\u00e4t t\u00e4\u00e4lt\u00e4!<\/p>\n","protected":false},"author":10,"featured_media":0,"comment_status":"open","ping_status":"open","sticky":false,"template":"","format":"standard","meta":{"footnotes":""},"categories":[1],"tags":[],"class_list":["post-3194","post","type-post","status-publish","format-standard","hentry","category-yleinen","no-featured-image"],"_links":{"self":[{"href":"https:\/\/porvoonurheilijat.fi\/yleisurheilu\/wp-json\/wp\/v2\/posts\/3194","targetHints":{"allow":["GET"]}}],"collection":[{"href":"https:\/\/porvoonurheilijat.fi\/yleisurheilu\/wp-json\/wp\/v2\/posts"}],"about":[{"href":"https:\/\/porvoonurheilijat.fi\/yleisurheilu\/wp-json\/wp\/v2\/types\/post"}],"author":[{"embeddable":true,"href":"https:\/\/porvoonurheilijat.fi\/yleisurheilu\/wp-json\/wp\/v2\/users\/10"}],"replies":[{"embeddable":true,"href":"https:\/\/porvoonurheilijat.fi\/yleisurheilu\/wp-json\/wp\/v2\/comments?post=3194"}],"version-history":[{"count":6,"href":"https:\/\/porvoonurheilijat.fi\/yleisurheilu\/wp-json\/wp\/v2\/posts\/3194\/revisions"}],"predecessor-version":[{"id":3568,"href":"https:\/\/porvoonurheilijat.fi\/yleisurheilu\/wp-json\/wp\/v2\/posts\/3194\/revisions\/3568"}],"wp:attachment":[{"href":"https:\/\/porvoonurheilijat.fi\/yleisurheilu\/wp-json\/wp\/v2\/media?parent=3194"}],"wp:term":[{"taxonomy":"category","embeddable":true,"href":"https:\/\/porvoonurheilijat.fi\/yleisurheilu\/wp-json\/wp\/v2\/categories?post=3194"},{"taxonomy":"post_tag","embeddable":true,"href":"https:\/\/porvoonurheilijat.fi\/yleisurheilu\/wp-json\/wp\/v2\/tags?post=3194"}],"curies":[{"name":"wp","href":"https:\/\/api.w.org\/{rel}","templated":true}]}}