{"id":3577,"date":"2023-04-12T11:40:55","date_gmt":"2023-04-12T08:40:55","guid":{"rendered":"https:\/\/porvoonurheilijat.fi\/yleisurheilu\/?p=3577"},"modified":"2023-07-31T15:47:26","modified_gmt":"2023-07-31T12:47:26","slug":"ilmoittautuminen-kesakaudesta-2023-alkaen-aukeaa-pian","status":"publish","type":"post","link":"https:\/\/porvoonurheilijat.fi\/yleisurheilu\/2023\/04\/12\/ilmoittautuminen-kesakaudesta-2023-alkaen-aukeaa-pian\/","title":{"rendered":"Ilmoittautuminen kes\u00e4kaudesta 2023 alkaen on auki!"},"content":{"rendered":"\n<p><strong>Suunnitellut harjoitukset vko 20 &#8211; vko 35<\/strong><\/p>\n\n\n\n<ul class=\"wp-block-list\">\n<li>YU3, 2013-2014 syntyneille kolme kertaa viikossa: MA, TI ja TO <\/li>\n<\/ul>\n\n\n\n<ul class=\"wp-block-list\">\n<li>YU4, 2015-2016 syntyneille kaksi kertaa viikossa: TI ja TO<\/li>\n<\/ul>\n\n\n\n<ul class=\"wp-block-list\">\n<li>HIPPO, 2017-2019 syntyneille TI- ja TO -illassa<\/li>\n<\/ul>\n\n\n\n<p>Ilmoittautuminen ryhm\u00e4n sivuilta, linkin kautta.<\/p>\n\n\n\n<p><strong>Hypp\u00e4\u00e4 kes\u00e4st\u00e4 mukaan, Porvoon Urheilijat harjoittelee vuoden ymp\u00e4ri! Tervetuloa!<\/strong><\/p>\n\n\n\n<p>Harjoitukset esill\u00e4 oman ryhm\u00e4n myClubissa! Seuraa aktiivisesti myClubia ja ilmoittaudu jokaiseen treeniin KYLL\u00c4 \/ EI. Huomaa, ett\u00e4 torstai-illan kentt\u00e4vuoro alkaen kes\u00e4kuusta.<\/p>\n\n\n\n<p>Kuva: Janne Penttinen<\/p>\n","protected":false},"excerpt":{"rendered":"<p>Suunnitellut harjoitukset vko 20 &#8211; vko 35 Ilmoittautuminen ryhm\u00e4n sivuilta, linkin kautta. Hypp\u00e4\u00e4 kes\u00e4st\u00e4 mukaan, Porvoon Urheilijat harjoittelee vuoden ymp\u00e4ri! Tervetuloa! Harjoitukset esill\u00e4 oman ryhm\u00e4n myClubissa! Seuraa aktiivisesti myClubia ja ilmoittaudu jokaiseen treeniin KYLL\u00c4 \/ EI. Huomaa, ett\u00e4 torstai-illan kentt\u00e4vuoro alkaen kes\u00e4kuusta. Kuva: Janne Penttinen<\/p>\n","protected":false},"author":10,"featured_media":3578,"comment_status":"open","ping_status":"open","sticky":false,"template":"","format":"standard","meta":{"footnotes":""},"categories":[1],"tags":[],"class_list":["post-3577","post","type-post","status-publish","format-standard","has-post-thumbnail","hentry","category-yleinen"],"_links":{"self":[{"href":"https:\/\/porvoonurheilijat.fi\/yleisurheilu\/wp-json\/wp\/v2\/posts\/3577","targetHints":{"allow":["GET"]}}],"collection":[{"href":"https:\/\/porvoonurheilijat.fi\/yleisurheilu\/wp-json\/wp\/v2\/posts"}],"about":[{"href":"https:\/\/porvoonurheilijat.fi\/yleisurheilu\/wp-json\/wp\/v2\/types\/post"}],"author":[{"embeddable":true,"href":"https:\/\/porvoonurheilijat.fi\/yleisurheilu\/wp-json\/wp\/v2\/users\/10"}],"replies":[{"embeddable":true,"href":"https:\/\/porvoonurheilijat.fi\/yleisurheilu\/wp-json\/wp\/v2\/comments?post=3577"}],"version-history":[{"count":7,"href":"https:\/\/porvoonurheilijat.fi\/yleisurheilu\/wp-json\/wp\/v2\/posts\/3577\/revisions"}],"predecessor-version":[{"id":3649,"href":"https:\/\/porvoonurheilijat.fi\/yleisurheilu\/wp-json\/wp\/v2\/posts\/3577\/revisions\/3649"}],"wp:featuredmedia":[{"embeddable":true,"href":"https:\/\/porvoonurheilijat.fi\/yleisurheilu\/wp-json\/wp\/v2\/media\/3578"}],"wp:attachment":[{"href":"https:\/\/porvoonurheilijat.fi\/yleisurheilu\/wp-json\/wp\/v2\/media?parent=3577"}],"wp:term":[{"taxonomy":"category","embeddable":true,"href":"https:\/\/porvoonurheilijat.fi\/yleisurheilu\/wp-json\/wp\/v2\/categories?post=3577"},{"taxonomy":"post_tag","embeddable":true,"href":"https:\/\/porvoonurheilijat.fi\/yleisurheilu\/wp-json\/wp\/v2\/tags?post=3577"}],"curies":[{"name":"wp","href":"https:\/\/api.w.org\/{rel}","templated":true}]}}