{"id":3717,"date":"2023-08-31T11:19:42","date_gmt":"2023-08-31T08:19:42","guid":{"rendered":"https:\/\/porvoonurheilijat.fi\/yleisurheilu\/?p=3717"},"modified":"2024-03-19T19:35:54","modified_gmt":"2024-03-19T17:35:54","slug":"ilmoittautuminen-uusille-taas-auki","status":"publish","type":"post","link":"https:\/\/porvoonurheilijat.fi\/yleisurheilu\/2023\/08\/31\/ilmoittautuminen-uusille-taas-auki\/","title":{"rendered":"Ilmoittautuminen kes\u00e4n Hippo -yleisurheilukouluun aukeaa ihan pian!"},"content":{"rendered":"\n<p>Hypp\u00e4\u00e4 toimintaamme kes\u00e4kaudesta mukaan! Urheilemme kes\u00e4kaudella tiistai- ja torstai illoissa Porvoon Keskuskent\u00e4ll\u00e4! Ryhm\u00e4t tulevat olemaan seuraavat: <\/p>\n\n\n\n<p>miniHippo 2020 -syntyneille \/ Hippo 2019 -syntyneille \/ Hippo 2018 -syntyneille <\/p>\n\n\n\n<p>Yleisurheilu Juniorit, 2017 &amp; 2016 -syntyneille<\/p>\n\n\n\n<p>Yleisurheilu alk. 2015<\/p>\n\n\n\n<p>Sivuja p\u00e4ivitet\u00e4\u00e4n ja ilmoittautuminen ryhmiin aukeaa pian! Seuraa tilannetta t\u00e4\u00e4ll\u00e4, sek\u00e4 ota seurantaan instagramissa @porvoonurheilijat<\/p>\n","protected":false},"excerpt":{"rendered":"<p>Hypp\u00e4\u00e4 toimintaamme kes\u00e4kaudesta mukaan! Urheilemme kes\u00e4kaudella tiistai- ja torstai illoissa Porvoon Keskuskent\u00e4ll\u00e4! Ryhm\u00e4t tulevat olemaan seuraavat: miniHippo 2020 -syntyneille \/ Hippo 2019 -syntyneille \/ Hippo 2018 -syntyneille Yleisurheilu Juniorit, 2017 &amp; 2016 -syntyneille Yleisurheilu alk. 2015 Sivuja p\u00e4ivitet\u00e4\u00e4n ja ilmoittautuminen ryhmiin aukeaa pian! Seuraa tilannetta t\u00e4\u00e4ll\u00e4, sek\u00e4 ota seurantaan instagramissa @porvoonurheilijat<\/p>\n","protected":false},"author":10,"featured_media":0,"comment_status":"open","ping_status":"open","sticky":false,"template":"","format":"standard","meta":{"footnotes":""},"categories":[1],"tags":[],"class_list":["post-3717","post","type-post","status-publish","format-standard","hentry","category-yleinen","no-featured-image"],"_links":{"self":[{"href":"https:\/\/porvoonurheilijat.fi\/yleisurheilu\/wp-json\/wp\/v2\/posts\/3717","targetHints":{"allow":["GET"]}}],"collection":[{"href":"https:\/\/porvoonurheilijat.fi\/yleisurheilu\/wp-json\/wp\/v2\/posts"}],"about":[{"href":"https:\/\/porvoonurheilijat.fi\/yleisurheilu\/wp-json\/wp\/v2\/types\/post"}],"author":[{"embeddable":true,"href":"https:\/\/porvoonurheilijat.fi\/yleisurheilu\/wp-json\/wp\/v2\/users\/10"}],"replies":[{"embeddable":true,"href":"https:\/\/porvoonurheilijat.fi\/yleisurheilu\/wp-json\/wp\/v2\/comments?post=3717"}],"version-history":[{"count":4,"href":"https:\/\/porvoonurheilijat.fi\/yleisurheilu\/wp-json\/wp\/v2\/posts\/3717\/revisions"}],"predecessor-version":[{"id":3752,"href":"https:\/\/porvoonurheilijat.fi\/yleisurheilu\/wp-json\/wp\/v2\/posts\/3717\/revisions\/3752"}],"wp:attachment":[{"href":"https:\/\/porvoonurheilijat.fi\/yleisurheilu\/wp-json\/wp\/v2\/media?parent=3717"}],"wp:term":[{"taxonomy":"category","embeddable":true,"href":"https:\/\/porvoonurheilijat.fi\/yleisurheilu\/wp-json\/wp\/v2\/categories?post=3717"},{"taxonomy":"post_tag","embeddable":true,"href":"https:\/\/porvoonurheilijat.fi\/yleisurheilu\/wp-json\/wp\/v2\/tags?post=3717"}],"curies":[{"name":"wp","href":"https:\/\/api.w.org\/{rel}","templated":true}]}}