{"id":3872,"date":"2024-07-22T18:43:33","date_gmt":"2024-07-22T15:43:33","guid":{"rendered":"https:\/\/porvoonurheilijat.fi\/yleisurheilu\/?p=3872"},"modified":"2024-07-25T22:48:06","modified_gmt":"2024-07-25T19:48:06","slug":"ilmoittautuminen-uusille-syksysta-alkaen-aukeaa-pian","status":"publish","type":"post","link":"https:\/\/porvoonurheilijat.fi\/yleisurheilu\/2024\/07\/22\/ilmoittautuminen-uusille-syksysta-alkaen-aukeaa-pian\/","title":{"rendered":"Ilmoittautuminen uusille syksyst\u00e4 on auki!"},"content":{"rendered":"\n<p><strong>Suunnitellut harjoitukset vko 37 \u2013 vko 51<\/strong><\/p>\n\n\n\n<p class=\"has-yellow-color has-text-color has-medium-font-size\"><a href=\"https:\/\/porvoonurheilijat.fi\/yleisurheilu\/hippo-yleisurheilukoulu\/\"><strong>HIPPO -YLEISURHEILUKOULU 2018 \/ 2019 ja miniHIPPO 2020<\/strong> <\/a><\/p>\n\n\n\n<p>Keskiviikkoisin klo 17:15 &#8211; 18:00 Lajirataharjoitus Uusimaa Areenalla<\/p>\n\n\n\n<p class=\"has-yellow-color has-text-color has-medium-font-size\"><strong><a href=\"https:\/\/porvoonurheilijat.fi\/yleisurheilu\/lasten-harjoitusryhmat\/\">YLEISURHEILU JUNIORIT 2016 \/ 2017<\/a><\/strong><\/p>\n\n\n\n<p>Maanantaisin ja Perjantaisin klo 17:15 &#8211; 18:30 Uusimaa Areenalla ja Torstaisin klo 18:00 ulkotreeni.<\/p>\n\n\n\n<p class=\"has-yellow-color has-text-color has-medium-font-size\"><strong><a href=\"https:\/\/porvoonurheilijat.fi\/yleisurheilu\/lasten-harjoitusryhmat\/\">YLEISURHEILU PERUS alk. 2015 ja sit\u00e4 vanhemmat<\/a><\/strong><\/p>\n\n\n\n<p>Maanantaisin ja Perjantaisin klo 17:15 &#8211; 18:30 Uusimaa Areenalla ja Torstaisin klo 18:00 ulkotreeni.<\/p>\n\n\n\n<p class=\"has-yellow-color has-text-color has-medium-font-size\"><a href=\"https:\/\/porvoonurheilijat.fi\/yleisurheilu\/lasten-harjoitusryhmat\/\"><strong>Yleisurheilu TEHO, Nuorisovalmennus ja Juoksuryhm\u00e4, vain yhteydenotto.<\/strong><\/a><\/p>\n\n\n\n<p><\/p>\n\n\n\n<p><strong>Hypp\u00e4\u00e4 syksyst\u00e4 mukaan, Porvoon Urheilijat harjoittelee vuoden ymp\u00e4ri! Tervetuloa!<\/strong><\/p>\n","protected":false},"excerpt":{"rendered":"<p>Suunnitellut harjoitukset vko 37 \u2013 vko 51 HIPPO -YLEISURHEILUKOULU 2018 \/ 2019 ja miniHIPPO 2020 Keskiviikkoisin klo 17:15 &#8211; 18:00 Lajirataharjoitus Uusimaa Areenalla YLEISURHEILU JUNIORIT 2016 \/ 2017 Maanantaisin ja Perjantaisin klo 17:15 &#8211; 18:30 Uusimaa Areenalla ja Torstaisin klo 18:00 ulkotreeni. YLEISURHEILU PERUS alk. 2015 ja sit\u00e4 vanhemmat Maanantaisin ja Perjantaisin klo 17:15 &#8211; &hellip; <a href=\"https:\/\/porvoonurheilijat.fi\/yleisurheilu\/2024\/07\/22\/ilmoittautuminen-uusille-syksysta-alkaen-aukeaa-pian\/\" class=\"more-link\">Jatka artikkeliin <span class=\"screen-reader-text\">Ilmoittautuminen uusille syksyst\u00e4 on auki!<\/span><\/a><\/p>\n","protected":false},"author":10,"featured_media":0,"comment_status":"open","ping_status":"open","sticky":false,"template":"","format":"standard","meta":{"footnotes":""},"categories":[1],"tags":[],"class_list":["post-3872","post","type-post","status-publish","format-standard","hentry","category-yleinen","no-featured-image"],"_links":{"self":[{"href":"https:\/\/porvoonurheilijat.fi\/yleisurheilu\/wp-json\/wp\/v2\/posts\/3872","targetHints":{"allow":["GET"]}}],"collection":[{"href":"https:\/\/porvoonurheilijat.fi\/yleisurheilu\/wp-json\/wp\/v2\/posts"}],"about":[{"href":"https:\/\/porvoonurheilijat.fi\/yleisurheilu\/wp-json\/wp\/v2\/types\/post"}],"author":[{"embeddable":true,"href":"https:\/\/porvoonurheilijat.fi\/yleisurheilu\/wp-json\/wp\/v2\/users\/10"}],"replies":[{"embeddable":true,"href":"https:\/\/porvoonurheilijat.fi\/yleisurheilu\/wp-json\/wp\/v2\/comments?post=3872"}],"version-history":[{"count":6,"href":"https:\/\/porvoonurheilijat.fi\/yleisurheilu\/wp-json\/wp\/v2\/posts\/3872\/revisions"}],"predecessor-version":[{"id":3898,"href":"https:\/\/porvoonurheilijat.fi\/yleisurheilu\/wp-json\/wp\/v2\/posts\/3872\/revisions\/3898"}],"wp:attachment":[{"href":"https:\/\/porvoonurheilijat.fi\/yleisurheilu\/wp-json\/wp\/v2\/media?parent=3872"}],"wp:term":[{"taxonomy":"category","embeddable":true,"href":"https:\/\/porvoonurheilijat.fi\/yleisurheilu\/wp-json\/wp\/v2\/categories?post=3872"},{"taxonomy":"post_tag","embeddable":true,"href":"https:\/\/porvoonurheilijat.fi\/yleisurheilu\/wp-json\/wp\/v2\/tags?post=3872"}],"curies":[{"name":"wp","href":"https:\/\/api.w.org\/{rel}","templated":true}]}}