{"id":3946,"date":"2025-03-21T11:37:30","date_gmt":"2025-03-21T09:37:30","guid":{"rendered":"https:\/\/porvoonurheilijat.fi\/yleisurheilu\/?p=3946"},"modified":"2025-03-21T11:37:30","modified_gmt":"2025-03-21T09:37:30","slug":"ilmoittautuminen-uusille-urheilijoille-hippo-yleisurheilukouluun-seka-yleisurheiluun-aukeaa-pian","status":"publish","type":"post","link":"https:\/\/porvoonurheilijat.fi\/yleisurheilu\/2025\/03\/21\/ilmoittautuminen-uusille-urheilijoille-hippo-yleisurheilukouluun-seka-yleisurheiluun-aukeaa-pian\/","title":{"rendered":"Ilmoittautuminen uusille urheilijoille Hippo -yleisurheilukouluun, sek\u00e4 Yleisurheiluun aukeaa pian!"},"content":{"rendered":"\n<p>Hypp\u00e4\u00e4 toimintaamme kes\u00e4kaudesta alkaen mukaan! Urheilemme kes\u00e4kaudella (toukokuu-elokuu) tiistai- ja torstai illoissa Porvoon Keskuskent\u00e4ll\u00e4! <\/p>\n\n\n\n<p>Ryhm\u00e4t tulevat olemaan kes\u00e4kaudesta alkaen seuraavat:\u00a0<\/p>\n\n\n\n<p><a href=\"https:\/\/porvoonurheilijat.fi\/yleisurheilu\/hippo-yleisurheilukoulu\/\"><strong>miniHippo 2021 -syntyneille \/ Hippo 2020 -syntyneille \/ Hippo 2019 -syntyneille\u00a0<\/strong><\/a><\/p>\n\n\n\n<p><a href=\"https:\/\/porvoonurheilijat.fi\/yleisurheilu\/lasten-harjoitusryhmat\/yleiurheilujuniorit\/\"><strong>Yleisurheilu Juniorit; 2018 &#8211; 2016 syntyneille <\/strong><\/a><\/p>\n\n\n\n<p><a href=\"https:\/\/porvoonurheilijat.fi\/yleisurheilu\/lasten-harjoitusryhmat\/yleisurheiluperus\/\"><strong>YU-ryhm\u00e4 alk. 2015 &#8211; 2012 syntyneille<\/strong><\/a><\/p>\n\n\n\n<p>Harjoitukset kes\u00e4kauden osalta alkavat viikolla 20 ja p\u00e4\u00e4ttyv\u00e4t viikolla 33. Syyskauden osalta harjoituksia jatketaan taas syyskuun puolella. <\/p>\n\n\n\n<p>Kaikki ryhmien harjoitukset n\u00e4kyv\u00e4t kauden alkaessa oman ryhm\u00e4n myClubissa. <em>Mahdollisia poikkeuksia on kaupungin kentt\u00e4vuoroissa kes\u00e4n ajalla.<\/em><\/p>\n\n\n\n<p>Sivuja p\u00e4ivitet\u00e4\u00e4n tarkempien tietojen osalta ja ilmoittautuminen ryhmiin aukeaa ryhm\u00e4n omalla sivulla pian! Seuraa tilannetta t\u00e4\u00e4ll\u00e4, sek\u00e4 ota seurantaan instagramissa @porvoonurheilijat<\/p>\n","protected":false},"excerpt":{"rendered":"<p>Hypp\u00e4\u00e4 toimintaamme kes\u00e4kaudesta alkaen mukaan! Urheilemme kes\u00e4kaudella (toukokuu-elokuu) tiistai- ja torstai illoissa Porvoon Keskuskent\u00e4ll\u00e4! Ryhm\u00e4t tulevat olemaan kes\u00e4kaudesta alkaen seuraavat:\u00a0 miniHippo 2021 -syntyneille \/ Hippo 2020 -syntyneille \/ Hippo 2019 -syntyneille\u00a0 Yleisurheilu Juniorit; 2018 &#8211; 2016 syntyneille YU-ryhm\u00e4 alk. 2015 &#8211; 2012 syntyneille Harjoitukset kes\u00e4kauden osalta alkavat viikolla 20 ja p\u00e4\u00e4ttyv\u00e4t viikolla 33. Syyskauden osalta &hellip; <a href=\"https:\/\/porvoonurheilijat.fi\/yleisurheilu\/2025\/03\/21\/ilmoittautuminen-uusille-urheilijoille-hippo-yleisurheilukouluun-seka-yleisurheiluun-aukeaa-pian\/\" class=\"more-link\">Jatka artikkeliin <span class=\"screen-reader-text\">Ilmoittautuminen uusille urheilijoille Hippo -yleisurheilukouluun, sek\u00e4 Yleisurheiluun aukeaa pian!<\/span><\/a><\/p>\n","protected":false},"author":10,"featured_media":0,"comment_status":"open","ping_status":"open","sticky":false,"template":"","format":"standard","meta":{"footnotes":""},"categories":[1],"tags":[],"class_list":["post-3946","post","type-post","status-publish","format-standard","hentry","category-yleinen","no-featured-image"],"_links":{"self":[{"href":"https:\/\/porvoonurheilijat.fi\/yleisurheilu\/wp-json\/wp\/v2\/posts\/3946","targetHints":{"allow":["GET"]}}],"collection":[{"href":"https:\/\/porvoonurheilijat.fi\/yleisurheilu\/wp-json\/wp\/v2\/posts"}],"about":[{"href":"https:\/\/porvoonurheilijat.fi\/yleisurheilu\/wp-json\/wp\/v2\/types\/post"}],"author":[{"embeddable":true,"href":"https:\/\/porvoonurheilijat.fi\/yleisurheilu\/wp-json\/wp\/v2\/users\/10"}],"replies":[{"embeddable":true,"href":"https:\/\/porvoonurheilijat.fi\/yleisurheilu\/wp-json\/wp\/v2\/comments?post=3946"}],"version-history":[{"count":1,"href":"https:\/\/porvoonurheilijat.fi\/yleisurheilu\/wp-json\/wp\/v2\/posts\/3946\/revisions"}],"predecessor-version":[{"id":3947,"href":"https:\/\/porvoonurheilijat.fi\/yleisurheilu\/wp-json\/wp\/v2\/posts\/3946\/revisions\/3947"}],"wp:attachment":[{"href":"https:\/\/porvoonurheilijat.fi\/yleisurheilu\/wp-json\/wp\/v2\/media?parent=3946"}],"wp:term":[{"taxonomy":"category","embeddable":true,"href":"https:\/\/porvoonurheilijat.fi\/yleisurheilu\/wp-json\/wp\/v2\/categories?post=3946"},{"taxonomy":"post_tag","embeddable":true,"href":"https:\/\/porvoonurheilijat.fi\/yleisurheilu\/wp-json\/wp\/v2\/tags?post=3946"}],"curies":[{"name":"wp","href":"https:\/\/api.w.org\/{rel}","templated":true}]}}