{"id":3979,"date":"2025-04-23T14:32:55","date_gmt":"2025-04-23T11:32:55","guid":{"rendered":"https:\/\/porvoonurheilijat.fi\/yleisurheilu\/?p=3979"},"modified":"2025-04-23T14:32:55","modified_gmt":"2025-04-23T11:32:55","slug":"ilmoittautuminen-uusille-on-auki","status":"publish","type":"post","link":"https:\/\/porvoonurheilijat.fi\/yleisurheilu\/2025\/04\/23\/ilmoittautuminen-uusille-on-auki\/","title":{"rendered":"ILMOITTAUTUMINEN UUSILLE ON AUKI!"},"content":{"rendered":"\n<p>Ilmoittautuminen on avattu uusille urheilijoille alkaen kes\u00e4kaudesta. Treenit alkavat viikolla 20. Paikkoja on rajoitetusti, toimi siis nopeasti. <\/p>\n\n\n\n<p><a href=\"https:\/\/porvoonurheilijat.fi\/yleisurheilu\/hippo-yleisurheilukoulu\/\"><strong>T\u00c4ST\u00c4 HIPPO -YLEISURHEILUKOULUUN (alk.2021 syntyneet)<\/strong><\/a><\/p>\n\n\n\n<p><a href=\"https:\/\/porvoonurheilijat.fi\/yleisurheilu\/lasten-harjoitusryhmat\/\"><strong>T\u00c4ST\u00c4 YLEISURHEILURYHMIIN (alk.2018 syntyneet)<\/strong><\/a><\/p>\n\n\n\n<p>Tervetuloa Yleisurheiluun!<\/p>\n","protected":false},"excerpt":{"rendered":"<p>Ilmoittautuminen on avattu uusille urheilijoille alkaen kes\u00e4kaudesta. Treenit alkavat viikolla 20. Paikkoja on rajoitetusti, toimi siis nopeasti. T\u00c4ST\u00c4 HIPPO -YLEISURHEILUKOULUUN (alk.2021 syntyneet) T\u00c4ST\u00c4 YLEISURHEILURYHMIIN (alk.2018 syntyneet) Tervetuloa Yleisurheiluun!<\/p>\n","protected":false},"author":10,"featured_media":0,"comment_status":"open","ping_status":"open","sticky":false,"template":"","format":"standard","meta":{"footnotes":""},"categories":[1],"tags":[],"class_list":["post-3979","post","type-post","status-publish","format-standard","hentry","category-yleinen","no-featured-image"],"_links":{"self":[{"href":"https:\/\/porvoonurheilijat.fi\/yleisurheilu\/wp-json\/wp\/v2\/posts\/3979","targetHints":{"allow":["GET"]}}],"collection":[{"href":"https:\/\/porvoonurheilijat.fi\/yleisurheilu\/wp-json\/wp\/v2\/posts"}],"about":[{"href":"https:\/\/porvoonurheilijat.fi\/yleisurheilu\/wp-json\/wp\/v2\/types\/post"}],"author":[{"embeddable":true,"href":"https:\/\/porvoonurheilijat.fi\/yleisurheilu\/wp-json\/wp\/v2\/users\/10"}],"replies":[{"embeddable":true,"href":"https:\/\/porvoonurheilijat.fi\/yleisurheilu\/wp-json\/wp\/v2\/comments?post=3979"}],"version-history":[{"count":1,"href":"https:\/\/porvoonurheilijat.fi\/yleisurheilu\/wp-json\/wp\/v2\/posts\/3979\/revisions"}],"predecessor-version":[{"id":3980,"href":"https:\/\/porvoonurheilijat.fi\/yleisurheilu\/wp-json\/wp\/v2\/posts\/3979\/revisions\/3980"}],"wp:attachment":[{"href":"https:\/\/porvoonurheilijat.fi\/yleisurheilu\/wp-json\/wp\/v2\/media?parent=3979"}],"wp:term":[{"taxonomy":"category","embeddable":true,"href":"https:\/\/porvoonurheilijat.fi\/yleisurheilu\/wp-json\/wp\/v2\/categories?post=3979"},{"taxonomy":"post_tag","embeddable":true,"href":"https:\/\/porvoonurheilijat.fi\/yleisurheilu\/wp-json\/wp\/v2\/tags?post=3979"}],"curies":[{"name":"wp","href":"https:\/\/api.w.org\/{rel}","templated":true}]}}