{"id":4127,"date":"2026-04-28T10:56:51","date_gmt":"2026-04-28T07:56:51","guid":{"rendered":"https:\/\/porvoonurheilijat.fi\/yleisurheilu\/?p=4127"},"modified":"2026-04-28T11:07:24","modified_gmt":"2026-04-28T08:07:24","slug":"ilmoittautuminen-on-avattu","status":"publish","type":"post","link":"https:\/\/porvoonurheilijat.fi\/yleisurheilu\/2026\/04\/28\/ilmoittautuminen-on-avattu\/","title":{"rendered":"ILMOITTAUTUMINEN ON AVATTU!"},"content":{"rendered":"\n<p id=\"block-94f28e32-ba9f-496c-830e-6a214a74edd6\">Ilmoittautuminen on avattu uusille urheilijoille alkaen kes\u00e4kaudesta. Treenit alkavat viikolla 21. Paikat jaetaan ilmoittautumisj\u00e4rjestyksess\u00e4! <\/p>\n\n\n\n<p id=\"block-a0f05611-54d4-46d1-bddb-96b501562ada\"><strong><a href=\"https:\/\/porvoonurheilijat.fi\/yleisurheilu\/hippo-yleisurheilukoulu\/\">T\u00c4ST\u00c4 HIPPO -YLEISURHEILUKOULUUN (alk.2022 syntyneet)<\/a><\/strong><\/p>\n\n\n\n<p id=\"block-9fd33f53-213f-4058-9859-59a0e75bbf09\"><strong><a href=\"https:\/\/porvoonurheilijat.fi\/yleisurheilu\/lasten-harjoitusryhmat\/\">T\u00c4ST\u00c4 YLEISURHEILURYHMIIN (alk.2019 syntyneet)<\/a><\/strong><\/p>\n\n\n\n<p id=\"block-1d215609-f267-4c8f-a65c-36ad446be48b\">Tervetuloa mukaan yleisurheiluun!<\/p>\n\n\n\n<figure class=\"wp-block-image size-large\"><img loading=\"lazy\" decoding=\"async\" width=\"548\" height=\"1024\" src=\"https:\/\/porvoonurheilijat.fi\/yleisurheilu\/wp-content\/uploads\/sites\/4\/2026\/04\/IMG_4871-1-548x1024.jpeg\" alt=\"\" class=\"wp-image-4132\" srcset=\"https:\/\/porvoonurheilijat.fi\/yleisurheilu\/wp-content\/uploads\/sites\/4\/2026\/04\/IMG_4871-1-548x1024.jpeg 548w, https:\/\/porvoonurheilijat.fi\/yleisurheilu\/wp-content\/uploads\/sites\/4\/2026\/04\/IMG_4871-1-160x300.jpeg 160w, https:\/\/porvoonurheilijat.fi\/yleisurheilu\/wp-content\/uploads\/sites\/4\/2026\/04\/IMG_4871-1-768x1436.jpeg 768w, https:\/\/porvoonurheilijat.fi\/yleisurheilu\/wp-content\/uploads\/sites\/4\/2026\/04\/IMG_4871-1-821x1536.jpeg 821w, https:\/\/porvoonurheilijat.fi\/yleisurheilu\/wp-content\/uploads\/sites\/4\/2026\/04\/IMG_4871-1-1095x2048.jpeg 1095w, https:\/\/porvoonurheilijat.fi\/yleisurheilu\/wp-content\/uploads\/sites\/4\/2026\/04\/IMG_4871-1-1080x2020.jpeg 1080w, https:\/\/porvoonurheilijat.fi\/yleisurheilu\/wp-content\/uploads\/sites\/4\/2026\/04\/IMG_4871-1-scaled.jpeg 1369w\" sizes=\"auto, (max-width: 548px) 100vw, 548px\" \/><\/figure>\n","protected":false},"excerpt":{"rendered":"<p>Ilmoittautuminen on avattu uusille urheilijoille alkaen kes\u00e4kaudesta. Treenit alkavat viikolla 21. Paikat jaetaan ilmoittautumisj\u00e4rjestyksess\u00e4! T\u00c4ST\u00c4 HIPPO -YLEISURHEILUKOULUUN (alk.2022 syntyneet) T\u00c4ST\u00c4 YLEISURHEILURYHMIIN (alk.2019 syntyneet) Tervetuloa mukaan yleisurheiluun!<\/p>\n","protected":false},"author":10,"featured_media":0,"comment_status":"open","ping_status":"open","sticky":false,"template":"","format":"standard","meta":{"footnotes":""},"categories":[1],"tags":[],"class_list":["post-4127","post","type-post","status-publish","format-standard","hentry","category-yleinen","no-featured-image"],"_links":{"self":[{"href":"https:\/\/porvoonurheilijat.fi\/yleisurheilu\/wp-json\/wp\/v2\/posts\/4127","targetHints":{"allow":["GET"]}}],"collection":[{"href":"https:\/\/porvoonurheilijat.fi\/yleisurheilu\/wp-json\/wp\/v2\/posts"}],"about":[{"href":"https:\/\/porvoonurheilijat.fi\/yleisurheilu\/wp-json\/wp\/v2\/types\/post"}],"author":[{"embeddable":true,"href":"https:\/\/porvoonurheilijat.fi\/yleisurheilu\/wp-json\/wp\/v2\/users\/10"}],"replies":[{"embeddable":true,"href":"https:\/\/porvoonurheilijat.fi\/yleisurheilu\/wp-json\/wp\/v2\/comments?post=4127"}],"version-history":[{"count":3,"href":"https:\/\/porvoonurheilijat.fi\/yleisurheilu\/wp-json\/wp\/v2\/posts\/4127\/revisions"}],"predecessor-version":[{"id":4133,"href":"https:\/\/porvoonurheilijat.fi\/yleisurheilu\/wp-json\/wp\/v2\/posts\/4127\/revisions\/4133"}],"wp:attachment":[{"href":"https:\/\/porvoonurheilijat.fi\/yleisurheilu\/wp-json\/wp\/v2\/media?parent=4127"}],"wp:term":[{"taxonomy":"category","embeddable":true,"href":"https:\/\/porvoonurheilijat.fi\/yleisurheilu\/wp-json\/wp\/v2\/categories?post=4127"},{"taxonomy":"post_tag","embeddable":true,"href":"https:\/\/porvoonurheilijat.fi\/yleisurheilu\/wp-json\/wp\/v2\/tags?post=4127"}],"curies":[{"name":"wp","href":"https:\/\/api.w.org\/{rel}","templated":true}]}}