{"id":644,"date":"2018-02-10T23:31:54","date_gmt":"2018-02-10T21:31:54","guid":{"rendered":"http:\/\/porvoonurheilijat.fi\/yleisurheilu\/?p=644"},"modified":"2018-02-20T23:35:00","modified_gmt":"2018-02-20T21:35:00","slug":"uudenmaan-piirimestaruuskisat","status":"publish","type":"post","link":"https:\/\/porvoonurheilijat.fi\/yleisurheilu\/2018\/02\/10\/uudenmaan-piirimestaruuskisat\/","title":{"rendered":"Uudenmaan piirimestaruuskisat"},"content":{"rendered":"<p>PU:n junnut kisasivat t\u00e4n\u00e4\u00e4n Uudenmaan piirimestaruuskisoissa sankoin joukoin. Aivan kaikki vetiv\u00e4t j\u00e4lleen iloisella ilmeell\u00e4 ja hyv\u00e4ll\u00e4 tsempill\u00e4 parhansa yritt\u00e4en. Monella se riitti enn\u00e4tyksiin ja usealla mitaliinkin. Jokaisella on syyt\u00e4 olla itsest\u00e4\u00e4n ylpe\u00e4!\u00a0<span class=\"_5mfr _47e3\"><img loading=\"lazy\" decoding=\"async\" class=\"img\" role=\"presentation\" src=\"https:\/\/static.xx.fbcdn.net\/images\/emoji.php\/v9\/f6c\/1\/16\/1f4aa.png\" alt=\"\" width=\"16\" height=\"16\" \/><span class=\"_7oe\">\ud83d\udcaa<\/span><\/span><span class=\"_5mfr _47e3\"><img loading=\"lazy\" decoding=\"async\" class=\"img\" role=\"presentation\" src=\"https:\/\/static.xx.fbcdn.net\/images\/emoji.php\/v9\/f6c\/1\/16\/1f4aa.png\" alt=\"\" width=\"16\" height=\"16\" \/><span class=\"_7oe\">\ud83d\udcaa<\/span><\/span><span class=\"_5mfr _47e3\"><img loading=\"lazy\" decoding=\"async\" class=\"img\" role=\"presentation\" src=\"https:\/\/static.xx.fbcdn.net\/images\/emoji.php\/v9\/f6c\/1\/16\/1f499.png\" alt=\"\" width=\"16\" height=\"16\" \/><span class=\"_7oe\">\ud83d\udc99<\/span><\/span><span class=\"_5mfr _47e3\"><img loading=\"lazy\" decoding=\"async\" class=\"img\" role=\"presentation\" src=\"https:\/\/static.xx.fbcdn.net\/images\/emoji.php\/v9\/f6c\/1\/16\/1f499.png\" alt=\"\" width=\"16\" height=\"16\" \/><span class=\"_7oe\">\ud83d\udc99<\/span><\/span><\/p>\n<p>Valmentajilla riitti kivasti vipin\u00e4\u00e4, kun junnuja oli tulessa monessa lajissa yht\u00e4 aikaa l\u00e4hes koko kilpailujen ajan. Valokuvaajakin oli niin kiireinen, ett\u00e4 ei mill\u00e4\u00e4n kyennyt ikuistamaan kaikkien suorituksia.<\/p>\n<p>S<span class=\"text_exposed_show\">uuret kiitokset kaikille vanhemmille, jotka hoitivat seuran toimitsijavelvoitteeita. Ilman talkooapua ei n\u00e4it\u00e4k\u00e4\u00e4n kisoja j\u00e4rjestett\u00e4isi lapsillemme lainkaan. Eih\u00e4n ollut paha!\u00a0<span class=\"_5mfr _47e3\"><img loading=\"lazy\" decoding=\"async\" class=\"img\" role=\"presentation\" src=\"https:\/\/static.xx.fbcdn.net\/images\/emoji.php\/v9\/fb7\/1\/16\/1f917.png\" alt=\"\" width=\"16\" height=\"16\" \/><span class=\"_7oe\">\ud83e\udd17<\/span><\/span><\/span><\/p>\n<div class=\"text_exposed_show\">\n<p>Tuloksia p\u00e4\u00e4see tutkiskelemaan alla olevasta linkist\u00e4:<br \/>\n<a href=\"https:\/\/l.facebook.com\/l.php?u=http%3A%2F%2Fwww.kilpailukalenteri.fi%2F%3Fcs%3D18%26nid%3D21248&amp;h=ATNvC_9i-z_66NvhahNnXZV_ZcwrYFk62ISltHi5WAXjIXOMkYrhcrByK4hcYETtUdgBHYaEmtwzj669AckWPqnqsg8uRrXfpVFiUx7qLvkrEgszFynmnwTsanz2cJO3gxBZ0P1iNWJQ990yAodi257Z68AeHqNuFrf3MfZeDHanzVA_g3v46TF6q8hr2ye95AyMO5t0yIIUzvm9P_DEizB90sVAKO2Y8S8XeSB7gWILzuX2RHMmRSxCMnECPg\" target=\"_blank\" rel=\"noopener nofollow\">http:\/\/www.kilpailukalenteri.fi\/?cs=18&amp;nid=21248<\/a><\/p>\n<\/div>\n","protected":false},"excerpt":{"rendered":"<p>PU:n junnut kisasivat t\u00e4n\u00e4\u00e4n Uudenmaan piirimestaruuskisoissa sankoin joukoin. Aivan kaikki vetiv\u00e4t j\u00e4lleen iloisella ilmeell\u00e4 ja hyv\u00e4ll\u00e4 tsempill\u00e4 parhansa yritt\u00e4en. Monella se riitti enn\u00e4tyksiin ja usealla mitaliinkin. Jokaisella on syyt\u00e4 olla itsest\u00e4\u00e4n ylpe\u00e4!\u00a0\ud83d\udcaa\ud83d\udcaa\ud83d\udc99\ud83d\udc99 Valmentajilla riitti kivasti vipin\u00e4\u00e4, kun junnuja oli tulessa monessa lajissa yht\u00e4 aikaa l\u00e4hes koko kilpailujen ajan. Valokuvaajakin oli niin kiireinen, ett\u00e4 ei mill\u00e4\u00e4n &hellip; <a href=\"https:\/\/porvoonurheilijat.fi\/yleisurheilu\/2018\/02\/10\/uudenmaan-piirimestaruuskisat\/\" class=\"more-link\">Jatka artikkeliin <span class=\"screen-reader-text\">Uudenmaan piirimestaruuskisat<\/span><\/a><\/p>\n","protected":false},"author":4,"featured_media":645,"comment_status":"open","ping_status":"open","sticky":false,"template":"","format":"standard","meta":{"footnotes":""},"categories":[1],"tags":[],"class_list":["post-644","post","type-post","status-publish","format-standard","has-post-thumbnail","hentry","category-yleinen"],"_links":{"self":[{"href":"https:\/\/porvoonurheilijat.fi\/yleisurheilu\/wp-json\/wp\/v2\/posts\/644","targetHints":{"allow":["GET"]}}],"collection":[{"href":"https:\/\/porvoonurheilijat.fi\/yleisurheilu\/wp-json\/wp\/v2\/posts"}],"about":[{"href":"https:\/\/porvoonurheilijat.fi\/yleisurheilu\/wp-json\/wp\/v2\/types\/post"}],"author":[{"embeddable":true,"href":"https:\/\/porvoonurheilijat.fi\/yleisurheilu\/wp-json\/wp\/v2\/users\/4"}],"replies":[{"embeddable":true,"href":"https:\/\/porvoonurheilijat.fi\/yleisurheilu\/wp-json\/wp\/v2\/comments?post=644"}],"version-history":[{"count":1,"href":"https:\/\/porvoonurheilijat.fi\/yleisurheilu\/wp-json\/wp\/v2\/posts\/644\/revisions"}],"predecessor-version":[{"id":646,"href":"https:\/\/porvoonurheilijat.fi\/yleisurheilu\/wp-json\/wp\/v2\/posts\/644\/revisions\/646"}],"wp:featuredmedia":[{"embeddable":true,"href":"https:\/\/porvoonurheilijat.fi\/yleisurheilu\/wp-json\/wp\/v2\/media\/645"}],"wp:attachment":[{"href":"https:\/\/porvoonurheilijat.fi\/yleisurheilu\/wp-json\/wp\/v2\/media?parent=644"}],"wp:term":[{"taxonomy":"category","embeddable":true,"href":"https:\/\/porvoonurheilijat.fi\/yleisurheilu\/wp-json\/wp\/v2\/categories?post=644"},{"taxonomy":"post_tag","embeddable":true,"href":"https:\/\/porvoonurheilijat.fi\/yleisurheilu\/wp-json\/wp\/v2\/tags?post=644"}],"curies":[{"name":"wp","href":"https:\/\/api.w.org\/{rel}","templated":true}]}}