{"id":826,"date":"2018-04-22T22:27:18","date_gmt":"2018-04-22T19:27:18","guid":{"rendered":"http:\/\/porvoonurheilijat.fi\/yleisurheilu\/?p=826"},"modified":"2018-04-22T22:27:18","modified_gmt":"2018-04-22T19:27:18","slug":"pu-uudenmaan-pm-maantiejuoksujen-paras-seura","status":"publish","type":"post","link":"https:\/\/porvoonurheilijat.fi\/yleisurheilu\/2018\/04\/22\/pu-uudenmaan-pm-maantiejuoksujen-paras-seura\/","title":{"rendered":"PU Uudenmaan pm-maantiejuoksujen paras seura"},"content":{"rendered":"<p>Porvoon Urheilijat oli t\u00e4n\u00e4\u00e4n j\u00e4rjestettyjen Uudenmaan pm-maantiejuoksujen paras seura! Meilt\u00e4 oli mukana per\u00e4ti 24 juoksijaa, jotka kaikki suoriutuivat omilla matkoillaan oikein hienosti! Seuran saldo oli yhteens\u00e4 6 mitalia kahdeksasta startista.\u00a0<span class=\"_5mfr _47e3\"><img loading=\"lazy\" decoding=\"async\" class=\"img\" role=\"presentation\" src=\"https:\/\/static.xx.fbcdn.net\/images\/emoji.php\/v9\/fb7\/1\/16\/1f917.png\" alt=\"\" width=\"16\" height=\"16\" \/><span class=\"_7oe\">\ud83e\udd17<\/span><\/span><span class=\"_5mfr _47e3\"><img loading=\"lazy\" decoding=\"async\" class=\"img\" role=\"presentation\" src=\"https:\/\/static.xx.fbcdn.net\/images\/emoji.php\/v9\/fb7\/1\/16\/1f917.png\" alt=\"\" width=\"16\" height=\"16\" \/><span class=\"_7oe\">\ud83e\udd17<\/span><\/span><\/p>\n<p>Paljon t\u00e4rke\u00e4mp\u00e4\u00e4 oli kuitenkin se, ett\u00e4 tunnelma oli mukavan leppoisa ja saimme j\u00e4rjestetty\u00e4 lasten tapahtuman hienoissa puitteissa aivan Porvoon keskustassa. Suuret kiitokset kaikille j\u00e4rjestelyihin osallistuneille!<\/p>\n<p><a href=\"https:\/\/porvoonurheilijat.fi\/yleisurheilu\/kilpailut\/uudenmaan-pm-maantiejuoksut\/tulokset-pm-maantie-9-15v-22-4-2018\/\">Tulokset<\/a><\/p>\n<p><a href=\"https:\/\/www.facebook.com\/pg\/porvoonurheilijat\/photos\/?tab=album&amp;album_id=1884078904949732\" target=\"_blank\" rel=\"noopener\">Katso my\u00f6s kuvat Facebookissa<\/a><\/p>\n<p>&nbsp;<\/p>\n","protected":false},"excerpt":{"rendered":"<p>Porvoon Urheilijat oli t\u00e4n\u00e4\u00e4n j\u00e4rjestettyjen Uudenmaan pm-maantiejuoksujen paras seura! Meilt\u00e4 oli mukana per\u00e4ti 24 juoksijaa, jotka kaikki suoriutuivat omilla matkoillaan oikein hienosti! Seuran saldo oli yhteens\u00e4 6 mitalia kahdeksasta startista.\u00a0\ud83e\udd17\ud83e\udd17 Paljon t\u00e4rke\u00e4mp\u00e4\u00e4 oli kuitenkin se, ett\u00e4 tunnelma oli mukavan leppoisa ja saimme j\u00e4rjestetty\u00e4 lasten tapahtuman hienoissa puitteissa aivan Porvoon keskustassa. Suuret kiitokset kaikille j\u00e4rjestelyihin osallistuneille! &hellip; <a href=\"https:\/\/porvoonurheilijat.fi\/yleisurheilu\/2018\/04\/22\/pu-uudenmaan-pm-maantiejuoksujen-paras-seura\/\" class=\"more-link\">Jatka artikkeliin <span class=\"screen-reader-text\">PU Uudenmaan pm-maantiejuoksujen paras seura<\/span><\/a><\/p>\n","protected":false},"author":4,"featured_media":827,"comment_status":"open","ping_status":"open","sticky":false,"template":"","format":"standard","meta":{"footnotes":""},"categories":[1],"tags":[],"class_list":["post-826","post","type-post","status-publish","format-standard","has-post-thumbnail","hentry","category-yleinen"],"_links":{"self":[{"href":"https:\/\/porvoonurheilijat.fi\/yleisurheilu\/wp-json\/wp\/v2\/posts\/826","targetHints":{"allow":["GET"]}}],"collection":[{"href":"https:\/\/porvoonurheilijat.fi\/yleisurheilu\/wp-json\/wp\/v2\/posts"}],"about":[{"href":"https:\/\/porvoonurheilijat.fi\/yleisurheilu\/wp-json\/wp\/v2\/types\/post"}],"author":[{"embeddable":true,"href":"https:\/\/porvoonurheilijat.fi\/yleisurheilu\/wp-json\/wp\/v2\/users\/4"}],"replies":[{"embeddable":true,"href":"https:\/\/porvoonurheilijat.fi\/yleisurheilu\/wp-json\/wp\/v2\/comments?post=826"}],"version-history":[{"count":1,"href":"https:\/\/porvoonurheilijat.fi\/yleisurheilu\/wp-json\/wp\/v2\/posts\/826\/revisions"}],"predecessor-version":[{"id":828,"href":"https:\/\/porvoonurheilijat.fi\/yleisurheilu\/wp-json\/wp\/v2\/posts\/826\/revisions\/828"}],"wp:featuredmedia":[{"embeddable":true,"href":"https:\/\/porvoonurheilijat.fi\/yleisurheilu\/wp-json\/wp\/v2\/media\/827"}],"wp:attachment":[{"href":"https:\/\/porvoonurheilijat.fi\/yleisurheilu\/wp-json\/wp\/v2\/media?parent=826"}],"wp:term":[{"taxonomy":"category","embeddable":true,"href":"https:\/\/porvoonurheilijat.fi\/yleisurheilu\/wp-json\/wp\/v2\/categories?post=826"},{"taxonomy":"post_tag","embeddable":true,"href":"https:\/\/porvoonurheilijat.fi\/yleisurheilu\/wp-json\/wp\/v2\/tags?post=826"}],"curies":[{"name":"wp","href":"https:\/\/api.w.org\/{rel}","templated":true}]}}